{"id":14056,"date":"2017-04-28T11:45:52","date_gmt":"2017-04-28T09:45:52","guid":{"rendered":"http:\/\/www.albverein-bergatreute.de\/ortsgruppe\/?p=14056"},"modified":"2017-04-28T14:09:16","modified_gmt":"2017-04-28T12:09:16","slug":"bodensee-hoehenweg","status":"publish","type":"post","link":"https:\/\/www.albverein-bergatreute.de\/ortsgruppe\/2017\/04\/28\/bodensee-hoehenweg\/","title":{"rendered":"Bodensee &#8211; H\u00f6henweg, Samstag, 6. Mai, 7:20 Uhr"},"content":{"rendered":"<p>Am <strong>Samstag, 6. Mai<\/strong> wandern wir bei Kressbronn auf dem\u00a0<strong>Bodensee-H\u00f6henweg<br \/>\n<\/strong><\/p>\n<p>Treffpunkt ist um 7:20 Uhr am Bahnhof Bad Waldsee.<br \/>\n\u00dcber Friedrichshafen erreichen wir mit der Bahn Kressbronn. Die Antoniuskapelle mir ihrer\u00a0sagenhaften Aussicht ist unsere erste Pausenstation mit R\u00fccksackvesper.<\/p>\n<p>\u00dcber leicht h\u00fcgelige Wege, vorbei an hoffentlich bl\u00fchender\u00a0Landschaft mit einem Lehrpfad erreichen wir dann die H\u00f6hengastst\u00e4tte Max und Moritz. Nach ausgiebiger Rast erreichen wir wieder auf ebenen Wegen den Bahnhof Kressbron zur Heimfahrt am Sp\u00e4tnachmittag.<\/p>\n<p>Wanderstrecke mit ca. 10 km, Gehzeit ca. 3,5 Std.<\/p>\n<p><strong>Wanderf\u00fchrer: Gisbert Barnitzke Tel. 07524-1257<\/strong><\/p>\n","protected":false},"excerpt":{"rendered":"<p>Am Samstag, 6. Mai wandern wir bei Kressbronn auf dem\u00a0Bodensee-H\u00f6henweg Treffpunkt ist um 7:20 Uhr am Bahnhof Bad Waldsee. \u00dcber Friedrichshafen erreichen wir&hellip;<\/p>\n","protected":false},"author":3,"featured_media":0,"comment_status":"closed","ping_status":"closed","sticky":false,"template":"","format":"standard","meta":{"ngg_post_thumbnail":0,"footnotes":""},"categories":[5],"tags":[],"class_list":["post-14056","post","type-post","status-publish","format-standard","hentry","category-wanderung"],"_links":{"self":[{"href":"https:\/\/www.albverein-bergatreute.de\/ortsgruppe\/wp-json\/wp\/v2\/posts\/14056","targetHints":{"allow":["GET"]}}],"collection":[{"href":"https:\/\/www.albverein-bergatreute.de\/ortsgruppe\/wp-json\/wp\/v2\/posts"}],"about":[{"href":"https:\/\/www.albverein-bergatreute.de\/ortsgruppe\/wp-json\/wp\/v2\/types\/post"}],"author":[{"embeddable":true,"href":"https:\/\/www.albverein-bergatreute.de\/ortsgruppe\/wp-json\/wp\/v2\/users\/3"}],"replies":[{"embeddable":true,"href":"https:\/\/www.albverein-bergatreute.de\/ortsgruppe\/wp-json\/wp\/v2\/comments?post=14056"}],"version-history":[{"count":4,"href":"https:\/\/www.albverein-bergatreute.de\/ortsgruppe\/wp-json\/wp\/v2\/posts\/14056\/revisions"}],"predecessor-version":[{"id":14060,"href":"https:\/\/www.albverein-bergatreute.de\/ortsgruppe\/wp-json\/wp\/v2\/posts\/14056\/revisions\/14060"}],"wp:attachment":[{"href":"https:\/\/www.albverein-bergatreute.de\/ortsgruppe\/wp-json\/wp\/v2\/media?parent=14056"}],"wp:term":[{"taxonomy":"category","embeddable":true,"href":"https:\/\/www.albverein-bergatreute.de\/ortsgruppe\/wp-json\/wp\/v2\/categories?post=14056"},{"taxonomy":"post_tag","embeddable":true,"href":"https:\/\/www.albverein-bergatreute.de\/ortsgruppe\/wp-json\/wp\/v2\/tags?post=14056"}],"curies":[{"name":"wp","href":"https:\/\/api.w.org\/{rel}","templated":true}]}}