{"id":14062,"date":"2017-05-02T09:07:35","date_gmt":"2017-05-02T07:07:35","guid":{"rendered":"http:\/\/www.albverein-bergatreute.de\/ortsgruppe\/?p=14062"},"modified":"2017-05-02T11:02:04","modified_gmt":"2017-05-02T09:02:04","slug":"bluemleswanderung-am-sonntag-07-mai-1300-uhr","status":"publish","type":"post","link":"https:\/\/www.albverein-bergatreute.de\/ortsgruppe\/2017\/05\/02\/bluemleswanderung-am-sonntag-07-mai-1300-uhr\/","title":{"rendered":"Bl\u00fcmleswanderung am Sonntag, 07. Mai, 13:00 Uhr"},"content":{"rendered":"<p>Am Sonntag, 7. Mai l\u00e4dt der Albverein Bergatreute zu eine naturkundlichen Wanderung ein.<br \/>\nTreffpunkt ist die Bergatreuter Ortsmitte.<br \/>\nWanderf\u00fchrer sind Klaus K\u00fcble und Kirstin Schweizer<\/p>\n<div id=\"attachment_9294\" style=\"width: 365px\" class=\"wp-caption alignright\"><a href=\"http:\/\/www.albverein-bergatreute.de\/ortsgruppe\/wp-content\/uploads\/sites\/5\/2016\/05\/Interessierte-Bearb..jpg\"><img loading=\"lazy\" decoding=\"async\" aria-describedby=\"caption-attachment-9294\" class=\"wp-image-9294\" src=\"http:\/\/www.albverein-bergatreute.de\/ortsgruppe\/wp-content\/uploads\/sites\/5\/2016\/05\/Interessierte-Bearb.-1024x644.jpg\" alt=\"Interessierte bei der Bl\u00fcmleswanderung\" width=\"355\" height=\"223\" srcset=\"https:\/\/www.albverein-bergatreute.de\/ortsgruppe\/wp-content\/uploads\/sites\/5\/2016\/05\/Interessierte-Bearb.-1024x644.jpg 1024w, https:\/\/www.albverein-bergatreute.de\/ortsgruppe\/wp-content\/uploads\/sites\/5\/2016\/05\/Interessierte-Bearb.-300x189.jpg 300w, https:\/\/www.albverein-bergatreute.de\/ortsgruppe\/wp-content\/uploads\/sites\/5\/2016\/05\/Interessierte-Bearb.-768x483.jpg 768w\" sizes=\"auto, (max-width: 355px) 100vw, 355px\" \/><\/a><p id=\"caption-attachment-9294\" class=\"wp-caption-text\">Interessierte bei der Bl\u00fcmleswanderung<\/p><\/div>\n<p>Die genaue\u00a0Wanderroute ist noch nicht festgelegt, sie ist aber auf jeden Fall kinderwagengeeignet. Klaus K\u00fcble meint: &#8222;Die Wegstrecke richtet sich nach der Vegetation!&#8220; . Das Gespr\u00e4ch und die Erkundung der regionalen Flora stehen im Vordergrund.<\/p>\n<p>Auch wenn die Wanderstrecke nicht all zu weit ist wird empfohlen, ein Getr\u00e4nk mitzunehmen: \u201eVom Schw\u00e4tze kriegt ma jo au Durst!\u201c Die Wanderung findet nur bei trockener Witterung statt!<\/p>\n<p>Der Leiter der Exkursion hofft wieder auf viele interessante Gespr\u00e4che und Eindr\u00fccke. Eine gemeinsame Einkehr zum Schluss der Wanderung ist nat\u00fcrlich notwendig und vorgesehen! Auf ihr Kommen freuen sich Klaus K\u00fcble und Kirstin Schweizer. Bei Fragen 07527 \/ 92 19 50<\/p>\n","protected":false},"excerpt":{"rendered":"<p>Am Sonntag, 7. Mai l\u00e4dt der Albverein Bergatreute zu eine naturkundlichen Wanderung ein. Treffpunkt ist die Bergatreuter Ortsmitte. Wanderf\u00fchrer sind Klaus K\u00fcble und&hellip;<\/p>\n","protected":false},"author":3,"featured_media":0,"comment_status":"closed","ping_status":"closed","sticky":false,"template":"","format":"standard","meta":{"ngg_post_thumbnail":0,"footnotes":""},"categories":[5],"tags":[],"class_list":["post-14062","post","type-post","status-publish","format-standard","hentry","category-wanderung"],"_links":{"self":[{"href":"https:\/\/www.albverein-bergatreute.de\/ortsgruppe\/wp-json\/wp\/v2\/posts\/14062","targetHints":{"allow":["GET"]}}],"collection":[{"href":"https:\/\/www.albverein-bergatreute.de\/ortsgruppe\/wp-json\/wp\/v2\/posts"}],"about":[{"href":"https:\/\/www.albverein-bergatreute.de\/ortsgruppe\/wp-json\/wp\/v2\/types\/post"}],"author":[{"embeddable":true,"href":"https:\/\/www.albverein-bergatreute.de\/ortsgruppe\/wp-json\/wp\/v2\/users\/3"}],"replies":[{"embeddable":true,"href":"https:\/\/www.albverein-bergatreute.de\/ortsgruppe\/wp-json\/wp\/v2\/comments?post=14062"}],"version-history":[{"count":3,"href":"https:\/\/www.albverein-bergatreute.de\/ortsgruppe\/wp-json\/wp\/v2\/posts\/14062\/revisions"}],"predecessor-version":[{"id":14069,"href":"https:\/\/www.albverein-bergatreute.de\/ortsgruppe\/wp-json\/wp\/v2\/posts\/14062\/revisions\/14069"}],"wp:attachment":[{"href":"https:\/\/www.albverein-bergatreute.de\/ortsgruppe\/wp-json\/wp\/v2\/media?parent=14062"}],"wp:term":[{"taxonomy":"category","embeddable":true,"href":"https:\/\/www.albverein-bergatreute.de\/ortsgruppe\/wp-json\/wp\/v2\/categories?post=14062"},{"taxonomy":"post_tag","embeddable":true,"href":"https:\/\/www.albverein-bergatreute.de\/ortsgruppe\/wp-json\/wp\/v2\/tags?post=14062"}],"curies":[{"name":"wp","href":"https:\/\/api.w.org\/{rel}","templated":true}]}}