{"id":14082,"date":"2017-05-15T14:37:35","date_gmt":"2017-05-15T12:37:35","guid":{"rendered":"http:\/\/www.albverein-bergatreute.de\/ortsgruppe\/?p=14082"},"modified":"2017-06-13T09:02:54","modified_gmt":"2017-06-13T07:02:54","slug":"dorffest-bergatreute2105","status":"publish","type":"post","link":"https:\/\/www.albverein-bergatreute.de\/ortsgruppe\/2017\/05\/15\/dorffest-bergatreute2105\/","title":{"rendered":"Dorffest Bergatreute, Sonntag 21. Mai"},"content":{"rendered":"<p>Die Bergatreuter Vereine pr\u00e4sentieren sich am Sonntag beim Dorffest in der Ortsmitte. Da sind wir vom Albverein nat\u00fcrlich auch dabei.<\/p>\n<p>Wir verw\u00f6hnen Sie mit traditionellen Gerichten.<\/p>\n<p>Besuchen Sie uns am Stand des Albvereins und genie\u00dfen Sie eine Portion frisch f\u00fcr Sie zubereiteter K\u00e4ssp\u00e4tzle und ein Glas Most!<a href=\"http:\/\/www.albverein-bergatreute.de\/ortsgruppe\/wp-content\/uploads\/sites\/5\/2017\/05\/K\u00e4ssp\u00e4tzle.jpg\"><img loading=\"lazy\" decoding=\"async\" class=\"wp-image-14089 alignright\" src=\"http:\/\/www.albverein-bergatreute.de\/ortsgruppe\/wp-content\/uploads\/sites\/5\/2017\/05\/K\u00e4ssp\u00e4tzle-1024x683.jpg\" alt=\"\" width=\"309\" height=\"206\"><\/a><\/p>\n<p>Am Stand k\u00f6nnen Sie sich auch gerne \u00fcber unseren Verein Informieren. Wir freuen uns auf ein Schw\u00e4tzle. Das Fest beginnt um 11:00 Uhr und endet gegen 20:00 Uhr.<\/p>\n<p>Noch mehr Details gibts hier, <a href=\"http:\/\/www.albverein-bergatreute.de\/ortsgruppe\/wp-content\/uploads\/sites\/5\/2017\/05\/Amtsblatt.pdf\">Bergatreuter Gemeindeblatt<\/a><\/p>\n","protected":false},"excerpt":{"rendered":"<p>Die Bergatreuter Vereine pr\u00e4sentieren sich am Sonntag beim Dorffest in der Ortsmitte. Da sind wir vom Albverein nat\u00fcrlich auch dabei. Wir verw\u00f6hnen Sie&hellip;<\/p>\n","protected":false},"author":3,"featured_media":14089,"comment_status":"closed","ping_status":"closed","sticky":false,"template":"","format":"standard","meta":{"ngg_post_thumbnail":0,"footnotes":""},"categories":[54],"tags":[],"class_list":["post-14082","post","type-post","status-publish","format-standard","has-post-thumbnail","hentry","category-aktion"],"_links":{"self":[{"href":"https:\/\/www.albverein-bergatreute.de\/ortsgruppe\/wp-json\/wp\/v2\/posts\/14082","targetHints":{"allow":["GET"]}}],"collection":[{"href":"https:\/\/www.albverein-bergatreute.de\/ortsgruppe\/wp-json\/wp\/v2\/posts"}],"about":[{"href":"https:\/\/www.albverein-bergatreute.de\/ortsgruppe\/wp-json\/wp\/v2\/types\/post"}],"author":[{"embeddable":true,"href":"https:\/\/www.albverein-bergatreute.de\/ortsgruppe\/wp-json\/wp\/v2\/users\/3"}],"replies":[{"embeddable":true,"href":"https:\/\/www.albverein-bergatreute.de\/ortsgruppe\/wp-json\/wp\/v2\/comments?post=14082"}],"version-history":[{"count":7,"href":"https:\/\/www.albverein-bergatreute.de\/ortsgruppe\/wp-json\/wp\/v2\/posts\/14082\/revisions"}],"predecessor-version":[{"id":14114,"href":"https:\/\/www.albverein-bergatreute.de\/ortsgruppe\/wp-json\/wp\/v2\/posts\/14082\/revisions\/14114"}],"wp:featuredmedia":[{"embeddable":true,"href":"https:\/\/www.albverein-bergatreute.de\/ortsgruppe\/wp-json\/wp\/v2\/media\/14089"}],"wp:attachment":[{"href":"https:\/\/www.albverein-bergatreute.de\/ortsgruppe\/wp-json\/wp\/v2\/media?parent=14082"}],"wp:term":[{"taxonomy":"category","embeddable":true,"href":"https:\/\/www.albverein-bergatreute.de\/ortsgruppe\/wp-json\/wp\/v2\/categories?post=14082"},{"taxonomy":"post_tag","embeddable":true,"href":"https:\/\/www.albverein-bergatreute.de\/ortsgruppe\/wp-json\/wp\/v2\/tags?post=14082"}],"curies":[{"name":"wp","href":"https:\/\/api.w.org\/{rel}","templated":true}]}}