{"id":15293,"date":"2017-11-04T16:09:24","date_gmt":"2017-11-04T14:09:24","guid":{"rendered":"http:\/\/www.albverein-bergatreute.de\/ortsgruppe\/?p=15293"},"modified":"2017-11-04T16:09:24","modified_gmt":"2017-11-04T14:09:24","slug":"technikfuehrung-im-dorniermuseum","status":"publish","type":"post","link":"https:\/\/www.albverein-bergatreute.de\/ortsgruppe\/2017\/11\/04\/technikfuehrung-im-dorniermuseum\/","title":{"rendered":"Technikf\u00fchrung im Dorniermuseum"},"content":{"rendered":"<p>Am Sonntag, den 12.11.2017 besichtigen wir in Friedrichshafen das Technikmuseum am Flughafen. Seit 2005 hat das Museum zahlreiche Dornier Flugzeuge und Exponate zusammengetragen, die in einem \u00fcber 5.000 qm gro\u00dfen Hangar beherbergt werden. Bei einer einst\u00fcndigen F\u00fchrung erfahren wir alles Wissenswerte \u00fcber die Luftfahrtgeschichte der Firma Dornier.<br \/>\nHierzu laden wir alle Technikbegeisterte, Geschichtsinteressierte und Freunde der Luftfahrt ein.<br \/>\nKosten: 15 Euro f\u00fcr Eintritt, F\u00fchrung und Fahrt<br \/>\nTreffpunkt in Bad Waldsee um 12.45 Uhr an der Bleiche und in Bergatreute um 13 Uhr am Rathaus\/Bushaltestelle.<br \/>\nInfos  bei Armin Weiss 07527\/921951<\/p>\n","protected":false},"excerpt":{"rendered":"<p>Am Sonntag, den 12.11.2017 besichtigen wir in Friedrichshafen das Technikmuseum am Flughafen. Seit 2005 hat das Museum zahlreiche Dornier Flugzeuge und Exponate zusammengetragen,&hellip;<\/p>\n","protected":false},"author":4,"featured_media":0,"comment_status":"closed","ping_status":"closed","sticky":false,"template":"","format":"standard","meta":{"ngg_post_thumbnail":0,"footnotes":""},"categories":[1],"tags":[],"class_list":["post-15293","post","type-post","status-publish","format-standard","hentry","category-allgemein"],"_links":{"self":[{"href":"https:\/\/www.albverein-bergatreute.de\/ortsgruppe\/wp-json\/wp\/v2\/posts\/15293","targetHints":{"allow":["GET"]}}],"collection":[{"href":"https:\/\/www.albverein-bergatreute.de\/ortsgruppe\/wp-json\/wp\/v2\/posts"}],"about":[{"href":"https:\/\/www.albverein-bergatreute.de\/ortsgruppe\/wp-json\/wp\/v2\/types\/post"}],"author":[{"embeddable":true,"href":"https:\/\/www.albverein-bergatreute.de\/ortsgruppe\/wp-json\/wp\/v2\/users\/4"}],"replies":[{"embeddable":true,"href":"https:\/\/www.albverein-bergatreute.de\/ortsgruppe\/wp-json\/wp\/v2\/comments?post=15293"}],"version-history":[{"count":1,"href":"https:\/\/www.albverein-bergatreute.de\/ortsgruppe\/wp-json\/wp\/v2\/posts\/15293\/revisions"}],"predecessor-version":[{"id":15294,"href":"https:\/\/www.albverein-bergatreute.de\/ortsgruppe\/wp-json\/wp\/v2\/posts\/15293\/revisions\/15294"}],"wp:attachment":[{"href":"https:\/\/www.albverein-bergatreute.de\/ortsgruppe\/wp-json\/wp\/v2\/media?parent=15293"}],"wp:term":[{"taxonomy":"category","embeddable":true,"href":"https:\/\/www.albverein-bergatreute.de\/ortsgruppe\/wp-json\/wp\/v2\/categories?post=15293"},{"taxonomy":"post_tag","embeddable":true,"href":"https:\/\/www.albverein-bergatreute.de\/ortsgruppe\/wp-json\/wp\/v2\/tags?post=15293"}],"curies":[{"name":"wp","href":"https:\/\/api.w.org\/{rel}","templated":true}]}}