{"id":20332,"date":"2019-01-30T18:16:48","date_gmt":"2019-01-30T16:16:48","guid":{"rendered":"http:\/\/www.albverein-bergatreute.de\/ortsgruppe\/?p=20332"},"modified":"2019-02-12T10:58:24","modified_gmt":"2019-02-12T08:58:24","slug":"jahreshauptversammlung-2","status":"publish","type":"post","link":"https:\/\/www.albverein-bergatreute.de\/ortsgruppe\/2019\/01\/30\/jahreshauptversammlung-2\/","title":{"rendered":"Jahreshauptversammlung"},"content":{"rendered":"<p>Der Schw\u00e4bische Albverein Bergatreute h\u00e4lt am Samstag den 09. Februar 2019 um 20.00 Uhr im Sch\u00fctzenhaus Bergatreute seine Jahreshauptversammlung ab.<\/p>\n<p>Auf der Tagesordnung stehen folgende Punkte:<\/p>\n<p>1. Begr\u00fc\u00dfung und Bericht des Vertrauensmannes &#8211; Rolf Kesenheimer<br \/>\n2. Totenehrung<br \/>\n3. Bericht der Schriftf\u00fchrerin mit Jahresr\u00fcckblick \u2013 Sigrid Sterk<br \/>\n4. Bericht der Kassiererin &#8211; Gaby Hantke<br \/>\n5. Bericht der Kassenpr\u00fcfer mit Entlastung<br \/>\n6. Bericht vom Zeltlagerteam \u2013 Klaus K\u00fcble<br \/>\n7. Berichte des Albvereins Bad Waldsee<br \/>\n8. Ehrungen von langj\u00e4hrigen Mitgliedern<br \/>\n9. W\u00fcnsche und Antr\u00e4ge<\/p>\n<p>\u00dcber zahlreiches Erscheinen der Mitglieder und G\u00e4ste w\u00fcrden wir uns sehr freuen.<\/p>\n<p>Ihr Vertrauensmann Rolf Kesenheimer<\/p>\n","protected":false},"excerpt":{"rendered":"<p>Der Schw\u00e4bische Albverein Bergatreute h\u00e4lt am Samstag den 09. Februar 2019 um 20.00 Uhr im Sch\u00fctzenhaus Bergatreute seine Jahreshauptversammlung ab. Auf der Tagesordnung&hellip;<\/p>\n","protected":false},"author":4,"featured_media":0,"comment_status":"closed","ping_status":"closed","sticky":false,"template":"","format":"standard","meta":{"ngg_post_thumbnail":0,"footnotes":""},"categories":[56],"tags":[],"class_list":["post-20332","post","type-post","status-publish","format-standard","hentry","category-veranstaltung"],"_links":{"self":[{"href":"https:\/\/www.albverein-bergatreute.de\/ortsgruppe\/wp-json\/wp\/v2\/posts\/20332","targetHints":{"allow":["GET"]}}],"collection":[{"href":"https:\/\/www.albverein-bergatreute.de\/ortsgruppe\/wp-json\/wp\/v2\/posts"}],"about":[{"href":"https:\/\/www.albverein-bergatreute.de\/ortsgruppe\/wp-json\/wp\/v2\/types\/post"}],"author":[{"embeddable":true,"href":"https:\/\/www.albverein-bergatreute.de\/ortsgruppe\/wp-json\/wp\/v2\/users\/4"}],"replies":[{"embeddable":true,"href":"https:\/\/www.albverein-bergatreute.de\/ortsgruppe\/wp-json\/wp\/v2\/comments?post=20332"}],"version-history":[{"count":1,"href":"https:\/\/www.albverein-bergatreute.de\/ortsgruppe\/wp-json\/wp\/v2\/posts\/20332\/revisions"}],"predecessor-version":[{"id":20333,"href":"https:\/\/www.albverein-bergatreute.de\/ortsgruppe\/wp-json\/wp\/v2\/posts\/20332\/revisions\/20333"}],"wp:attachment":[{"href":"https:\/\/www.albverein-bergatreute.de\/ortsgruppe\/wp-json\/wp\/v2\/media?parent=20332"}],"wp:term":[{"taxonomy":"category","embeddable":true,"href":"https:\/\/www.albverein-bergatreute.de\/ortsgruppe\/wp-json\/wp\/v2\/categories?post=20332"},{"taxonomy":"post_tag","embeddable":true,"href":"https:\/\/www.albverein-bergatreute.de\/ortsgruppe\/wp-json\/wp\/v2\/tags?post=20332"}],"curies":[{"name":"wp","href":"https:\/\/api.w.org\/{rel}","templated":true}]}}