{"id":24315,"date":"2021-09-09T09:45:07","date_gmt":"2021-09-09T07:45:07","guid":{"rendered":"https:\/\/www.albverein-bergatreute.de\/ortsgruppe\/?p=24315"},"modified":"2021-09-09T09:45:07","modified_gmt":"2021-09-09T07:45:07","slug":"kleine-bergwanderung-bei-fuessen","status":"publish","type":"post","link":"https:\/\/www.albverein-bergatreute.de\/ortsgruppe\/2021\/09\/09\/kleine-bergwanderung-bei-fuessen\/","title":{"rendered":"Kleine Bergwanderung bei F\u00fcssen"},"content":{"rendered":"<p>Liebe Albvereinsfreunde,<\/p>\n<p>Am kommenden Sonntag, 12.09.2021 fahren wir nach F\u00fcssen zum Alatsee. Die Wanderung f\u00fchrt uns auf guten Wegen zur Salober Alm, wo eine Rast geplant ist. Von dort aus \u00fcber den Rundweg Vier-Seen Blick nach Vils in Tirol und zur\u00fcck zum Alatsee. Sagenumworben liegt der See, und die Alpe l\u00e4dt ein in eine traumhafte Alpenwelt. Empfohlen ist Rucksackversper und Getr\u00e4nke.<\/p>\n<p>Aufstieg von ca, 280 H\u00f6henmeter. Trittsicherheit ist erforderlich. Gesamte Wanderzeit ca, 3 Stunden. Abfahrt mit Pkw in Bergatreute\/Ortsmitte um 08:00 Uhr. Auf Eure Teilnahme freuen sich Rudi und Rolf. Tel. 07527 1416 oder 0751 53251.<\/p>\n<p>Bitte um Beachtung der G-G-G Verordnung da wir uns auch in Tirol befinden.<\/p>\n","protected":false},"excerpt":{"rendered":"<p>Liebe Albvereinsfreunde, Am kommenden Sonntag, 12.09.2021 fahren wir nach F\u00fcssen zum Alatsee. Die Wanderung f\u00fchrt uns auf guten Wegen zur Salober Alm, wo&hellip;<\/p>\n","protected":false},"author":4,"featured_media":0,"comment_status":"closed","ping_status":"closed","sticky":false,"template":"","format":"standard","meta":{"ngg_post_thumbnail":0,"footnotes":""},"categories":[1],"tags":[],"class_list":["post-24315","post","type-post","status-publish","format-standard","hentry","category-allgemein"],"_links":{"self":[{"href":"https:\/\/www.albverein-bergatreute.de\/ortsgruppe\/wp-json\/wp\/v2\/posts\/24315","targetHints":{"allow":["GET"]}}],"collection":[{"href":"https:\/\/www.albverein-bergatreute.de\/ortsgruppe\/wp-json\/wp\/v2\/posts"}],"about":[{"href":"https:\/\/www.albverein-bergatreute.de\/ortsgruppe\/wp-json\/wp\/v2\/types\/post"}],"author":[{"embeddable":true,"href":"https:\/\/www.albverein-bergatreute.de\/ortsgruppe\/wp-json\/wp\/v2\/users\/4"}],"replies":[{"embeddable":true,"href":"https:\/\/www.albverein-bergatreute.de\/ortsgruppe\/wp-json\/wp\/v2\/comments?post=24315"}],"version-history":[{"count":1,"href":"https:\/\/www.albverein-bergatreute.de\/ortsgruppe\/wp-json\/wp\/v2\/posts\/24315\/revisions"}],"predecessor-version":[{"id":24316,"href":"https:\/\/www.albverein-bergatreute.de\/ortsgruppe\/wp-json\/wp\/v2\/posts\/24315\/revisions\/24316"}],"wp:attachment":[{"href":"https:\/\/www.albverein-bergatreute.de\/ortsgruppe\/wp-json\/wp\/v2\/media?parent=24315"}],"wp:term":[{"taxonomy":"category","embeddable":true,"href":"https:\/\/www.albverein-bergatreute.de\/ortsgruppe\/wp-json\/wp\/v2\/categories?post=24315"},{"taxonomy":"post_tag","embeddable":true,"href":"https:\/\/www.albverein-bergatreute.de\/ortsgruppe\/wp-json\/wp\/v2\/tags?post=24315"}],"curies":[{"name":"wp","href":"https:\/\/api.w.org\/{rel}","templated":true}]}}