{"id":24568,"date":"2021-12-03T22:22:35","date_gmt":"2021-12-03T20:22:35","guid":{"rendered":"https:\/\/www.albverein-bergatreute.de\/ortsgruppe\/?p=24568"},"modified":"2022-01-17T19:48:02","modified_gmt":"2022-01-17T17:48:02","slug":"nikolauswanderung-abgesagt","status":"publish","type":"post","link":"https:\/\/www.albverein-bergatreute.de\/ortsgruppe\/2021\/12\/03\/nikolauswanderung-abgesagt\/","title":{"rendered":"Nikolauswanderung abgesagt"},"content":{"rendered":"<p>Wegen den versch\u00e4rften Coronama\u00dfnahmen muss die Wanderung am Sonntag leider abgesagt werden.<\/p>\n<p>Wir bitten um ihr Verst\u00e4ndnis<\/p>\n","protected":false},"excerpt":{"rendered":"<p>Wegen den versch\u00e4rften Coronama\u00dfnahmen muss die Wanderung am Sonntag leider abgesagt werden. Wir bitten um ihr Verst\u00e4ndnis<\/p>\n","protected":false},"author":3,"featured_media":0,"comment_status":"closed","ping_status":"closed","sticky":false,"template":"","format":"standard","meta":{"ngg_post_thumbnail":0,"footnotes":""},"categories":[5],"tags":[],"class_list":["post-24568","post","type-post","status-publish","format-standard","hentry","category-wanderung"],"_links":{"self":[{"href":"https:\/\/www.albverein-bergatreute.de\/ortsgruppe\/wp-json\/wp\/v2\/posts\/24568","targetHints":{"allow":["GET"]}}],"collection":[{"href":"https:\/\/www.albverein-bergatreute.de\/ortsgruppe\/wp-json\/wp\/v2\/posts"}],"about":[{"href":"https:\/\/www.albverein-bergatreute.de\/ortsgruppe\/wp-json\/wp\/v2\/types\/post"}],"author":[{"embeddable":true,"href":"https:\/\/www.albverein-bergatreute.de\/ortsgruppe\/wp-json\/wp\/v2\/users\/3"}],"replies":[{"embeddable":true,"href":"https:\/\/www.albverein-bergatreute.de\/ortsgruppe\/wp-json\/wp\/v2\/comments?post=24568"}],"version-history":[{"count":1,"href":"https:\/\/www.albverein-bergatreute.de\/ortsgruppe\/wp-json\/wp\/v2\/posts\/24568\/revisions"}],"predecessor-version":[{"id":24569,"href":"https:\/\/www.albverein-bergatreute.de\/ortsgruppe\/wp-json\/wp\/v2\/posts\/24568\/revisions\/24569"}],"wp:attachment":[{"href":"https:\/\/www.albverein-bergatreute.de\/ortsgruppe\/wp-json\/wp\/v2\/media?parent=24568"}],"wp:term":[{"taxonomy":"category","embeddable":true,"href":"https:\/\/www.albverein-bergatreute.de\/ortsgruppe\/wp-json\/wp\/v2\/categories?post=24568"},{"taxonomy":"post_tag","embeddable":true,"href":"https:\/\/www.albverein-bergatreute.de\/ortsgruppe\/wp-json\/wp\/v2\/tags?post=24568"}],"curies":[{"name":"wp","href":"https:\/\/api.w.org\/{rel}","templated":true}]}}