{"id":24576,"date":"2021-12-31T13:30:35","date_gmt":"2021-12-31T11:30:35","guid":{"rendered":"https:\/\/www.albverein-bergatreute.de\/ortsgruppe\/?p=24576"},"modified":"2021-12-31T13:30:35","modified_gmt":"2021-12-31T11:30:35","slug":"jahreswechsel-2022","status":"publish","type":"post","link":"https:\/\/www.albverein-bergatreute.de\/ortsgruppe\/2021\/12\/31\/jahreswechsel-2022\/","title":{"rendered":"Jahreswechsel 2022"},"content":{"rendered":"<p>Liebe Mitglieder, liebe Albvereinsfreunde!<br \/>\nZum Start in das neue Jahr 2022 w\u00fcnschen wir Ihnen allen alles Gute, Gesundheit und Zuversicht f\u00fcr das neue Jahr. Ein abwechslungsreiches Jahresprogramm steht Ihnen f\u00fcr das kommende Jahr zur Verf\u00fcgung.<br \/>\n\u00dcber ein reges Interesse und Ihre Teilnahme w\u00fcrden wir uns sehr freuen. <\/p>\n<p>Mein Dank gilt den ehrenamtlichen Mitgliedern des Vorstands, dem Zeltlagerteam und den Wanderf\u00fchrer\/innen,<br \/>\nin Bergatreute und Bad Waldsee, ohne die das vielf\u00e4ltige Angebot nicht m\u00f6glich w\u00e4re und Ihnen allen f\u00fcr Ihre Unterst\u00fctzung und Treue zum Albverein Bergatreute.<\/p>\n<p>Im Namen der Vorstandschaft<br \/>\nIhr Vertrauensmann<br \/>\nRolf Kesenheimer<\/p>\n","protected":false},"excerpt":{"rendered":"<p>Liebe Mitglieder, liebe Albvereinsfreunde! Zum Start in das neue Jahr 2022 w\u00fcnschen wir Ihnen allen alles Gute, Gesundheit und Zuversicht f\u00fcr das neue&hellip;<\/p>\n","protected":false},"author":4,"featured_media":0,"comment_status":"closed","ping_status":"closed","sticky":false,"template":"","format":"standard","meta":{"ngg_post_thumbnail":0,"footnotes":""},"categories":[1],"tags":[],"class_list":["post-24576","post","type-post","status-publish","format-standard","hentry","category-allgemein"],"_links":{"self":[{"href":"https:\/\/www.albverein-bergatreute.de\/ortsgruppe\/wp-json\/wp\/v2\/posts\/24576","targetHints":{"allow":["GET"]}}],"collection":[{"href":"https:\/\/www.albverein-bergatreute.de\/ortsgruppe\/wp-json\/wp\/v2\/posts"}],"about":[{"href":"https:\/\/www.albverein-bergatreute.de\/ortsgruppe\/wp-json\/wp\/v2\/types\/post"}],"author":[{"embeddable":true,"href":"https:\/\/www.albverein-bergatreute.de\/ortsgruppe\/wp-json\/wp\/v2\/users\/4"}],"replies":[{"embeddable":true,"href":"https:\/\/www.albverein-bergatreute.de\/ortsgruppe\/wp-json\/wp\/v2\/comments?post=24576"}],"version-history":[{"count":1,"href":"https:\/\/www.albverein-bergatreute.de\/ortsgruppe\/wp-json\/wp\/v2\/posts\/24576\/revisions"}],"predecessor-version":[{"id":24577,"href":"https:\/\/www.albverein-bergatreute.de\/ortsgruppe\/wp-json\/wp\/v2\/posts\/24576\/revisions\/24577"}],"wp:attachment":[{"href":"https:\/\/www.albverein-bergatreute.de\/ortsgruppe\/wp-json\/wp\/v2\/media?parent=24576"}],"wp:term":[{"taxonomy":"category","embeddable":true,"href":"https:\/\/www.albverein-bergatreute.de\/ortsgruppe\/wp-json\/wp\/v2\/categories?post=24576"},{"taxonomy":"post_tag","embeddable":true,"href":"https:\/\/www.albverein-bergatreute.de\/ortsgruppe\/wp-json\/wp\/v2\/tags?post=24576"}],"curies":[{"name":"wp","href":"https:\/\/api.w.org\/{rel}","templated":true}]}}