{"id":24707,"date":"2022-06-27T20:50:33","date_gmt":"2022-06-27T18:50:33","guid":{"rendered":"https:\/\/www.albverein-bergatreute.de\/ortsgruppe\/?p=24707"},"modified":"2022-06-27T20:50:33","modified_gmt":"2022-06-27T18:50:33","slug":"kinderwagentour-ins-witschwender-achtal-am-sonntag-03-juli","status":"publish","type":"post","link":"https:\/\/www.albverein-bergatreute.de\/ortsgruppe\/2022\/06\/27\/kinderwagentour-ins-witschwender-achtal-am-sonntag-03-juli\/","title":{"rendered":"Kinderwagentour ins Witschwender Achtal am Sonntag, 03. Juli"},"content":{"rendered":"<p>Eine ganz \u201ebesondere\u201c Wanderung hat sich der Schw\u00e4bische Albverein f\u00fcr interessierte Familien ausgedacht.<\/p>\n<p>Am Sonntag, 03. Juli um 13:00 Uhr treffen wir uns zur Kinderwagentour an der Bushaltestelle in der Ortsmitte von Bergatreute.<\/p>\n<p>Von dort aus wandern wir ins Achtal. Beim Heustadel der Fam. K\u00fcble werden wir gemeinsam grillen und uns aufhalten. Die gr\u00f6\u00dferen Kinder d\u00fcrfen einen Abstecher an die Wolfegger Ach machen, um dort zu schwimmen oder sich zumindest abzuk\u00fchlen.<\/p>\n<p>Grillgut und Getr\u00e4nke bitte selber mitbringen!<\/p>\n<p>Eltern mit Kindern sind hierzu herzlich eingeladen.<\/p>\n<p>Auf rege Teilnahme freuen sich eure Wanderf\u00fchrer Uli und Rudi K\u00fcble. Tel.07527 \/ 14 16<\/p>\n<p>Die Aktion findet nur bei gutem Wetter statt!<\/p>\n","protected":false},"excerpt":{"rendered":"<p>Eine ganz \u201ebesondere\u201c Wanderung hat sich der Schw\u00e4bische Albverein f\u00fcr interessierte Familien ausgedacht. Am Sonntag, 03. Juli um 13:00 Uhr treffen wir uns&hellip;<\/p>\n","protected":false},"author":3,"featured_media":0,"comment_status":"closed","ping_status":"closed","sticky":false,"template":"","format":"standard","meta":{"ngg_post_thumbnail":0,"footnotes":""},"categories":[1],"tags":[],"class_list":["post-24707","post","type-post","status-publish","format-standard","hentry","category-allgemein"],"_links":{"self":[{"href":"https:\/\/www.albverein-bergatreute.de\/ortsgruppe\/wp-json\/wp\/v2\/posts\/24707","targetHints":{"allow":["GET"]}}],"collection":[{"href":"https:\/\/www.albverein-bergatreute.de\/ortsgruppe\/wp-json\/wp\/v2\/posts"}],"about":[{"href":"https:\/\/www.albverein-bergatreute.de\/ortsgruppe\/wp-json\/wp\/v2\/types\/post"}],"author":[{"embeddable":true,"href":"https:\/\/www.albverein-bergatreute.de\/ortsgruppe\/wp-json\/wp\/v2\/users\/3"}],"replies":[{"embeddable":true,"href":"https:\/\/www.albverein-bergatreute.de\/ortsgruppe\/wp-json\/wp\/v2\/comments?post=24707"}],"version-history":[{"count":1,"href":"https:\/\/www.albverein-bergatreute.de\/ortsgruppe\/wp-json\/wp\/v2\/posts\/24707\/revisions"}],"predecessor-version":[{"id":24708,"href":"https:\/\/www.albverein-bergatreute.de\/ortsgruppe\/wp-json\/wp\/v2\/posts\/24707\/revisions\/24708"}],"wp:attachment":[{"href":"https:\/\/www.albverein-bergatreute.de\/ortsgruppe\/wp-json\/wp\/v2\/media?parent=24707"}],"wp:term":[{"taxonomy":"category","embeddable":true,"href":"https:\/\/www.albverein-bergatreute.de\/ortsgruppe\/wp-json\/wp\/v2\/categories?post=24707"},{"taxonomy":"post_tag","embeddable":true,"href":"https:\/\/www.albverein-bergatreute.de\/ortsgruppe\/wp-json\/wp\/v2\/tags?post=24707"}],"curies":[{"name":"wp","href":"https:\/\/api.w.org\/{rel}","templated":true}]}}