{"id":24768,"date":"2022-11-27T14:52:00","date_gmt":"2022-11-27T12:52:00","guid":{"rendered":"https:\/\/www.albverein-bergatreute.de\/ortsgruppe\/?p=24768"},"modified":"2022-11-27T14:52:57","modified_gmt":"2022-11-27T12:52:57","slug":"nikolaus-wanderung-4-12-2022-1300","status":"publish","type":"post","link":"https:\/\/www.albverein-bergatreute.de\/ortsgruppe\/2022\/11\/27\/nikolaus-wanderung-4-12-2022-1300\/","title":{"rendered":"Nikolaus Wanderung am 4.Dezember um 13:00 Uhr"},"content":{"rendered":"\n<p>Zur letzten Wanderung in diesem Jahr laden wir sie gerne ein.<\/p>\n\n\n\n<p>Je nach Witterung werden wir ca. 2,5 Stunden um unser sch\u00f6nes Bergatreute wandern.<\/p>\n\n\n\n<p>Im Anschluss werden wir gemeinsam in der Gastst\u00e4tte LaOla Einkehr halten. Dort wird es f\u00fcr die Teilnehmer noch ein kleines Nikolauspr\u00e4sent geben.<\/p>\n\n\n\n<p>Auf rege Teilnahme freuen sich euere Wanderf\u00fchrer Uli und Rudi K\u00fcble. G\u00e4ste sind wie immer herzlich willkommen.<\/p>\n\n\n\n<p>Treffpunkt: 13:00 Uhr an der Bushaltestelle beim Rathaus Bergatreute.<\/p>\n","protected":false},"excerpt":{"rendered":"<p>Zur letzten Wanderung in diesem Jahr laden wir sie gerne ein. Je nach Witterung werden wir ca. 2,5 Stunden um unser sch\u00f6nes Bergatreute&hellip;<\/p>\n","protected":false},"author":3,"featured_media":0,"comment_status":"closed","ping_status":"closed","sticky":false,"template":"","format":"standard","meta":{"ngg_post_thumbnail":0,"footnotes":""},"categories":[1],"tags":[],"class_list":["post-24768","post","type-post","status-publish","format-standard","hentry","category-allgemein"],"_links":{"self":[{"href":"https:\/\/www.albverein-bergatreute.de\/ortsgruppe\/wp-json\/wp\/v2\/posts\/24768","targetHints":{"allow":["GET"]}}],"collection":[{"href":"https:\/\/www.albverein-bergatreute.de\/ortsgruppe\/wp-json\/wp\/v2\/posts"}],"about":[{"href":"https:\/\/www.albverein-bergatreute.de\/ortsgruppe\/wp-json\/wp\/v2\/types\/post"}],"author":[{"embeddable":true,"href":"https:\/\/www.albverein-bergatreute.de\/ortsgruppe\/wp-json\/wp\/v2\/users\/3"}],"replies":[{"embeddable":true,"href":"https:\/\/www.albverein-bergatreute.de\/ortsgruppe\/wp-json\/wp\/v2\/comments?post=24768"}],"version-history":[{"count":2,"href":"https:\/\/www.albverein-bergatreute.de\/ortsgruppe\/wp-json\/wp\/v2\/posts\/24768\/revisions"}],"predecessor-version":[{"id":24770,"href":"https:\/\/www.albverein-bergatreute.de\/ortsgruppe\/wp-json\/wp\/v2\/posts\/24768\/revisions\/24770"}],"wp:attachment":[{"href":"https:\/\/www.albverein-bergatreute.de\/ortsgruppe\/wp-json\/wp\/v2\/media?parent=24768"}],"wp:term":[{"taxonomy":"category","embeddable":true,"href":"https:\/\/www.albverein-bergatreute.de\/ortsgruppe\/wp-json\/wp\/v2\/categories?post=24768"},{"taxonomy":"post_tag","embeddable":true,"href":"https:\/\/www.albverein-bergatreute.de\/ortsgruppe\/wp-json\/wp\/v2\/tags?post=24768"}],"curies":[{"name":"wp","href":"https:\/\/api.w.org\/{rel}","templated":true}]}}