{"id":24774,"date":"2022-12-19T21:53:40","date_gmt":"2022-12-19T19:53:40","guid":{"rendered":"https:\/\/www.albverein-bergatreute.de\/ortsgruppe\/?p=24774"},"modified":"2022-12-19T21:54:23","modified_gmt":"2022-12-19T19:54:23","slug":"liebe-mitglieder-liebe-albvereinsfreunde","status":"publish","type":"post","link":"https:\/\/www.albverein-bergatreute.de\/ortsgruppe\/2022\/12\/19\/liebe-mitglieder-liebe-albvereinsfreunde\/","title":{"rendered":"Liebe Mitglieder, liebe Albvereinsfreunde!"},"content":{"rendered":"\n<p>Zum Abschluss des Wanderjahres 2022 m\u00f6chten wir uns bei allen Wanderf\u00fchrern, Albvereinsfesthelfern sowie dem Zeltlagerteam f\u00fcr die tatkr\u00e4ftige ehrenamtliche Unterst\u00fctzung bedanken. Und nat\u00fcrlich bedanken wir uns bei allen, die bei unseren Wanderungen und Aktionen teilgenommen haben.<br><br>Wir w\u00fcnschen allen Mitgliedern und Wanderfreunden ein gesegnetes Weihnachtfest und ein gesundes neues Jahr.<br>Wir freuen uns mit euch auf ein abwechslungsreiches Jahresprogramm 2023 und viel Spa\u00df bei unseren Aktivit\u00e4ten.<br>Die Vorstandschaft<\/p>\n\n\n\n<p>Das Wanderjahr 2023 beginnen wir traditionell mit der <strong>Springerleswanderung<\/strong>.<\/p>\n\n\n\n<p>Am Sonntag, 08.01.2023 l\u00e4dt Rudi K\u00fcble und sein Team zur Wanderung in den Bergatreuter Forst und zur anschlie\u00dfenden St\u00e4rkung in die Sprengsteinh\u00fctte recht herzlich ein.<br>Warme und kalte Getr\u00e4nke stehen zur Verf\u00fcgung. Springerle k\u00f6nnen mitgebracht werden.<br>Treffpunkt ist um 13 Uhr an der Bushaltestelle beim Rathaus. Die Wanderung wird je nach Weg und Witterungsverh\u00e4ltnissen ausgedehnt oder abgek\u00fcrzt. G\u00e4ste sind wie immer herzlich willkommen.<\/p>\n","protected":false},"excerpt":{"rendered":"<p>Zum Abschluss des Wanderjahres 2022 m\u00f6chten wir uns bei allen Wanderf\u00fchrern, Albvereinsfesthelfern sowie dem Zeltlagerteam f\u00fcr die tatkr\u00e4ftige ehrenamtliche Unterst\u00fctzung bedanken. Und nat\u00fcrlich&hellip;<\/p>\n","protected":false},"author":3,"featured_media":0,"comment_status":"closed","ping_status":"closed","sticky":false,"template":"","format":"standard","meta":{"ngg_post_thumbnail":0,"footnotes":""},"categories":[1],"tags":[],"class_list":["post-24774","post","type-post","status-publish","format-standard","hentry","category-allgemein"],"_links":{"self":[{"href":"https:\/\/www.albverein-bergatreute.de\/ortsgruppe\/wp-json\/wp\/v2\/posts\/24774","targetHints":{"allow":["GET"]}}],"collection":[{"href":"https:\/\/www.albverein-bergatreute.de\/ortsgruppe\/wp-json\/wp\/v2\/posts"}],"about":[{"href":"https:\/\/www.albverein-bergatreute.de\/ortsgruppe\/wp-json\/wp\/v2\/types\/post"}],"author":[{"embeddable":true,"href":"https:\/\/www.albverein-bergatreute.de\/ortsgruppe\/wp-json\/wp\/v2\/users\/3"}],"replies":[{"embeddable":true,"href":"https:\/\/www.albverein-bergatreute.de\/ortsgruppe\/wp-json\/wp\/v2\/comments?post=24774"}],"version-history":[{"count":3,"href":"https:\/\/www.albverein-bergatreute.de\/ortsgruppe\/wp-json\/wp\/v2\/posts\/24774\/revisions"}],"predecessor-version":[{"id":24777,"href":"https:\/\/www.albverein-bergatreute.de\/ortsgruppe\/wp-json\/wp\/v2\/posts\/24774\/revisions\/24777"}],"wp:attachment":[{"href":"https:\/\/www.albverein-bergatreute.de\/ortsgruppe\/wp-json\/wp\/v2\/media?parent=24774"}],"wp:term":[{"taxonomy":"category","embeddable":true,"href":"https:\/\/www.albverein-bergatreute.de\/ortsgruppe\/wp-json\/wp\/v2\/categories?post=24774"},{"taxonomy":"post_tag","embeddable":true,"href":"https:\/\/www.albverein-bergatreute.de\/ortsgruppe\/wp-json\/wp\/v2\/tags?post=24774"}],"curies":[{"name":"wp","href":"https:\/\/api.w.org\/{rel}","templated":true}]}}