{"id":25488,"date":"2024-03-09T14:42:08","date_gmt":"2024-03-09T12:42:08","guid":{"rendered":"https:\/\/www.albverein-bergatreute.de\/ortsgruppe\/?p=25488"},"modified":"2024-03-09T14:42:08","modified_gmt":"2024-03-09T12:42:08","slug":"jahreshauptversammlung-am-samstag-16-maerz-1930-uhr","status":"publish","type":"post","link":"https:\/\/www.albverein-bergatreute.de\/ortsgruppe\/2024\/03\/09\/jahreshauptversammlung-am-samstag-16-maerz-1930-uhr\/","title":{"rendered":"Jahreshauptversammlung am Samstag, 16. M\u00e4rz, 19:30 Uhr"},"content":{"rendered":"\n<p>Der Schw\u00e4bische Albverein Bergatreute h\u00e4lt am <strong>Samstag, den 16.03.2024 um 19.30 Uhr<\/strong> im Sch\u00fctzenhaus Bergatreute seine Jahreshauptversammlung ab.<\/p>\n\n\n\n<p>Auf der Tagesordnung stehen folgende Punkte:<\/p>\n\n\n\n<p>1. Begr\u00fc\u00dfung und Bericht des Vorsitzenden<\/p>\n\n\n\n<p>2. Totenehrung<\/p>\n\n\n\n<p>3. Bericht der Schriftf\u00fchrerin<\/p>\n\n\n\n<p>4. Bericht des Kassiers<\/p>\n\n\n\n<p>5. Bericht der Kassenpr\u00fcfer mit Entlastung<\/p>\n\n\n\n<p>6. Bericht vom Zeltlagerteam<\/p>\n\n\n\n<p>7. Ehrungen f\u00fcr 40-j\u00e4hrige und 60-j\u00e4hrige Mitgliedschaft<\/p>\n\n\n\n<p>8. W\u00fcnsche und Antr\u00e4ge<\/p>\n\n\n\n<p>\u00dcber zahlreiches Erscheinen der Mitglieder und G\u00e4ste w\u00fcrden wir uns sehr freuen.<\/p>\n\n\n\n<p>Antr\u00e4ge und W\u00fcnsche sollten schriftlich bei Rudi K\u00fcble<br>bis zum 09.03.2024 eingegangen sein!<\/p>\n\n\n\n<p>Im Namen der Vorstandschaft&nbsp;&nbsp;&nbsp;<\/p>\n\n\n\n<p>Rudolf K\u00fcble<\/p>\n","protected":false},"excerpt":{"rendered":"<p>Der Schw\u00e4bische Albverein Bergatreute h\u00e4lt am Samstag, den 16.03.2024 um 19.30 Uhr im Sch\u00fctzenhaus Bergatreute seine Jahreshauptversammlung ab. Auf der Tagesordnung stehen folgende&hellip;<\/p>\n","protected":false},"author":3,"featured_media":0,"comment_status":"closed","ping_status":"closed","sticky":false,"template":"","format":"standard","meta":{"ngg_post_thumbnail":0,"footnotes":""},"categories":[56],"tags":[],"class_list":["post-25488","post","type-post","status-publish","format-standard","hentry","category-veranstaltung"],"_links":{"self":[{"href":"https:\/\/www.albverein-bergatreute.de\/ortsgruppe\/wp-json\/wp\/v2\/posts\/25488","targetHints":{"allow":["GET"]}}],"collection":[{"href":"https:\/\/www.albverein-bergatreute.de\/ortsgruppe\/wp-json\/wp\/v2\/posts"}],"about":[{"href":"https:\/\/www.albverein-bergatreute.de\/ortsgruppe\/wp-json\/wp\/v2\/types\/post"}],"author":[{"embeddable":true,"href":"https:\/\/www.albverein-bergatreute.de\/ortsgruppe\/wp-json\/wp\/v2\/users\/3"}],"replies":[{"embeddable":true,"href":"https:\/\/www.albverein-bergatreute.de\/ortsgruppe\/wp-json\/wp\/v2\/comments?post=25488"}],"version-history":[{"count":2,"href":"https:\/\/www.albverein-bergatreute.de\/ortsgruppe\/wp-json\/wp\/v2\/posts\/25488\/revisions"}],"predecessor-version":[{"id":25490,"href":"https:\/\/www.albverein-bergatreute.de\/ortsgruppe\/wp-json\/wp\/v2\/posts\/25488\/revisions\/25490"}],"wp:attachment":[{"href":"https:\/\/www.albverein-bergatreute.de\/ortsgruppe\/wp-json\/wp\/v2\/media?parent=25488"}],"wp:term":[{"taxonomy":"category","embeddable":true,"href":"https:\/\/www.albverein-bergatreute.de\/ortsgruppe\/wp-json\/wp\/v2\/categories?post=25488"},{"taxonomy":"post_tag","embeddable":true,"href":"https:\/\/www.albverein-bergatreute.de\/ortsgruppe\/wp-json\/wp\/v2\/tags?post=25488"}],"curies":[{"name":"wp","href":"https:\/\/api.w.org\/{rel}","templated":true}]}}