{"id":25509,"date":"2024-03-18T19:46:09","date_gmt":"2024-03-18T17:46:09","guid":{"rendered":"https:\/\/www.albverein-bergatreute.de\/ortsgruppe\/?p=25509"},"modified":"2024-03-18T21:38:42","modified_gmt":"2024-03-18T19:38:42","slug":"neues-ausm-achtal-17-maerz","status":"publish","type":"post","link":"https:\/\/www.albverein-bergatreute.de\/ortsgruppe\/2024\/03\/18\/neues-ausm-achtal-17-maerz\/","title":{"rendered":"Neues aus&#8217;m Achtal, 17. M\u00e4rz"},"content":{"rendered":"<div class=\"wp-block-image\">\n<figure class=\"alignleft size-full is-resized\"><img loading=\"lazy\" decoding=\"async\" width=\"1536\" height=\"2048\" src=\"https:\/\/www.albverein-bergatreute.de\/ortsgruppe\/wp-content\/uploads\/sites\/5\/2024\/03\/IMG_3335.jpeg\" alt=\"\" class=\"wp-image-25510\" style=\"width:500px\" srcset=\"https:\/\/www.albverein-bergatreute.de\/ortsgruppe\/wp-content\/uploads\/sites\/5\/2024\/03\/IMG_3335.jpeg 1536w, https:\/\/www.albverein-bergatreute.de\/ortsgruppe\/wp-content\/uploads\/sites\/5\/2024\/03\/IMG_3335-225x300.jpeg 225w, https:\/\/www.albverein-bergatreute.de\/ortsgruppe\/wp-content\/uploads\/sites\/5\/2024\/03\/IMG_3335-768x1024.jpeg 768w, https:\/\/www.albverein-bergatreute.de\/ortsgruppe\/wp-content\/uploads\/sites\/5\/2024\/03\/IMG_3335-1152x1536.jpeg 1152w\" sizes=\"auto, (max-width: 1536px) 100vw, 1536px\" \/><\/figure><\/div>\n\n\n<p>Was bl\u00e4ut mich den da so an? So aus der Ferne?<\/p>\n\n\n\n<p>Sind das Veilchen?<\/p>\n\n\n\n<p>.<\/p>\n\n\n\n<p>.<\/p>\n\n\n\n<p>.<\/p>\n\n\n\n<p>.<\/p>\n\n\n\n<p>.<\/p>\n\n\n\n<p>.<\/p>\n\n\n\n<p>.<\/p>\n\n\n\n<p>.<\/p>\n\n\n\n<p>.<\/p>\n\n\n\n<p>.<\/p>\n\n\n\n<p>.<\/p>\n\n\n\n<p><\/p>\n\n\n<div class=\"wp-block-image\">\n<figure class=\"alignleft size-full is-resized\"><img loading=\"lazy\" decoding=\"async\" width=\"1536\" height=\"2048\" src=\"https:\/\/www.albverein-bergatreute.de\/ortsgruppe\/wp-content\/uploads\/sites\/5\/2024\/03\/IMG_3326.jpeg\" alt=\"\" class=\"wp-image-25511\" style=\"width:500px\" srcset=\"https:\/\/www.albverein-bergatreute.de\/ortsgruppe\/wp-content\/uploads\/sites\/5\/2024\/03\/IMG_3326.jpeg 1536w, https:\/\/www.albverein-bergatreute.de\/ortsgruppe\/wp-content\/uploads\/sites\/5\/2024\/03\/IMG_3326-225x300.jpeg 225w, https:\/\/www.albverein-bergatreute.de\/ortsgruppe\/wp-content\/uploads\/sites\/5\/2024\/03\/IMG_3326-768x1024.jpeg 768w, https:\/\/www.albverein-bergatreute.de\/ortsgruppe\/wp-content\/uploads\/sites\/5\/2024\/03\/IMG_3326-1152x1536.jpeg 1152w\" sizes=\"auto, (max-width: 1536px) 100vw, 1536px\" \/><\/figure><\/div>\n\n\n<p><\/p>\n\n\n\n<p>Veilchen sehen doch ganz anders aus?<\/p>\n\n\n\n<p>.<\/p>\n\n\n\n<p>.<\/p>\n\n\n\n<p>.<\/p>\n\n\n\n<p>.<\/p>\n\n\n\n<p>.<\/p>\n\n\n\n<p>.<\/p>\n\n\n\n<p>.<\/p>\n\n\n\n<p>.<\/p>\n\n\n\n<p>.<\/p>\n\n\n\n<p>.<\/p>\n\n\n\n<p>.<\/p>\n\n\n\n<p>.<\/p>\n\n\n\n<p><\/p>\n\n\n<div class=\"wp-block-image\">\n<figure class=\"alignleft size-large is-resized\"><img loading=\"lazy\" decoding=\"async\" width=\"768\" height=\"1024\" src=\"https:\/\/www.albverein-bergatreute.de\/ortsgruppe\/wp-content\/uploads\/sites\/5\/2024\/03\/IMG_3333-768x1024.jpeg\" alt=\"\" class=\"wp-image-25512\" style=\"width:500px\" srcset=\"https:\/\/www.albverein-bergatreute.de\/ortsgruppe\/wp-content\/uploads\/sites\/5\/2024\/03\/IMG_3333-768x1024.jpeg 768w, https:\/\/www.albverein-bergatreute.de\/ortsgruppe\/wp-content\/uploads\/sites\/5\/2024\/03\/IMG_3333-225x300.jpeg 225w, https:\/\/www.albverein-bergatreute.de\/ortsgruppe\/wp-content\/uploads\/sites\/5\/2024\/03\/IMG_3333-1152x1536.jpeg 1152w, https:\/\/www.albverein-bergatreute.de\/ortsgruppe\/wp-content\/uploads\/sites\/5\/2024\/03\/IMG_3333.jpeg 1536w\" sizes=\"auto, (max-width: 768px) 100vw, 768px\" \/><figcaption class=\"wp-element-caption\">Leberbl\u00fcmchen (Hepatica nobilis)<\/figcaption><\/figure><\/div>\n\n\n<p>Nein, es sind nat\u00fcrlich keine Veilchen!<\/p>\n\n\n\n<p>Es sind<strong> Leberbl\u00fcmchen.<\/strong><\/p>\n\n\n\n<p>Sie kommen an keinem mir bekannten Standort so h\u00e4ufig, so \u00fcppig und so dauerhaft vor, wie im Witschwender und Bolander Achtal.<\/p>\n\n\n\n<p>Ich wei\u00df, dass fr\u00fcher befreundete Albvereinler aus der Biberacher Gegend immer hier her kamen, um die Leberbl\u00fcmchen zu bewundern.<\/p>\n\n\n\n<p>Das Leberbl\u00fcmchen geh\u00f6rt zur gro\u00dfen Familie der Hahnenfu\u00dfgew\u00e4chse.<\/p>\n\n\n\n<p>Seinen Namen hat das Leberbl\u00fcmchen von der Form der Bl\u00e4tter, die an eine Leber erinnern sollen. Im Schw\u00e4bischen nennt man es auch M\u00e4rzeblum oder Fastenblum, nach der Bl\u00fctenzeit. Manche sagen auch blaue Schl\u00fcsselblum.<\/p>\n\n\n\n<p><\/p>\n\n\n<div class=\"wp-block-image\">\n<figure class=\"alignleft size-large is-resized\"><img loading=\"lazy\" decoding=\"async\" width=\"768\" height=\"1024\" src=\"https:\/\/www.albverein-bergatreute.de\/ortsgruppe\/wp-content\/uploads\/sites\/5\/2024\/03\/IMG_3312-768x1024.jpeg\" alt=\"\" class=\"wp-image-25513\" style=\"width:500px\" srcset=\"https:\/\/www.albverein-bergatreute.de\/ortsgruppe\/wp-content\/uploads\/sites\/5\/2024\/03\/IMG_3312-768x1024.jpeg 768w, https:\/\/www.albverein-bergatreute.de\/ortsgruppe\/wp-content\/uploads\/sites\/5\/2024\/03\/IMG_3312-225x300.jpeg 225w, https:\/\/www.albverein-bergatreute.de\/ortsgruppe\/wp-content\/uploads\/sites\/5\/2024\/03\/IMG_3312-1152x1536.jpeg 1152w, https:\/\/www.albverein-bergatreute.de\/ortsgruppe\/wp-content\/uploads\/sites\/5\/2024\/03\/IMG_3312.jpeg 1536w\" sizes=\"auto, (max-width: 768px) 100vw, 768px\" \/><\/figure><\/div>\n\n\n<p>Man riecht es aus dem Bild heraus!<\/p>\n\n\n\n<p>Das ist ohne Zweifel der <strong>B\u00e4rlauch<\/strong>.<\/p>\n\n\n\n<p>Nicht etwa der &#8222;wilde Knoblauch&#8220; aber ein Verwandter des Knoblauchs.<\/p>\n\n\n\n<p>Man kann in roh essen, in Salaten, oder geschnitten auf einem Butterbrot. Man kann ihn zum Fleisch mitgaren oder ein Pesto herstellen.<\/p>\n\n\n\n<p>Ein echter Schwabe macht nat\u00fcrlich B\u00e4rlauchsp\u00e4tzle.<\/p>\n\n\n\n<p>Man kann ihn leicht mit giftigen Doppelg\u00e4ngern verwechseln. Ich gebe hier keine Tipps, die nur Unsicherheit schaffen.<\/p>\n\n\n\n<p>Es gibt ein Merkmal, das Sie zu 100% sicher macht, ob es sich um B\u00e4rlauch handelt. Zerreiben Sie ein Blatt zwischen den Fingern und riechen Sie daran.<\/p>\n\n\n\n<p>Der B\u00e4rlauch geh\u00f6rt zur Gattung &#8222;Lauch&#8220;, wie der Schnittlauch und der Knoblauch.<br>Fr\u00fcher stellte man die Gattung Lauch in die Familie der Liliengew\u00e4chse. Jetzt geh\u00f6ren die Lauche zu den Amaryllisgew\u00e4chsen.<\/p>\n\n\n\n<p>Was dem B\u00e4rlauch alles f\u00fcr sagenhafte Heilkr\u00e4fte zugeschrieben werden, brauch ich hier nicht zu erl\u00e4utern. Wenn man zu viel davon ist, kann das allerdings zu Einsamkeit f\u00fchren.<\/p>\n\n\n\n<p><\/p>\n\n\n<div class=\"wp-block-image\">\n<figure class=\"alignleft size-large is-resized\"><img loading=\"lazy\" decoding=\"async\" width=\"768\" height=\"1024\" src=\"https:\/\/www.albverein-bergatreute.de\/ortsgruppe\/wp-content\/uploads\/sites\/5\/2024\/03\/IMG_3313-768x1024.jpeg\" alt=\"\" class=\"wp-image-25514\" style=\"width:500px\" srcset=\"https:\/\/www.albverein-bergatreute.de\/ortsgruppe\/wp-content\/uploads\/sites\/5\/2024\/03\/IMG_3313-768x1024.jpeg 768w, https:\/\/www.albverein-bergatreute.de\/ortsgruppe\/wp-content\/uploads\/sites\/5\/2024\/03\/IMG_3313-225x300.jpeg 225w, https:\/\/www.albverein-bergatreute.de\/ortsgruppe\/wp-content\/uploads\/sites\/5\/2024\/03\/IMG_3313-1152x1536.jpeg 1152w, https:\/\/www.albverein-bergatreute.de\/ortsgruppe\/wp-content\/uploads\/sites\/5\/2024\/03\/IMG_3313.jpeg 1536w\" sizes=\"auto, (max-width: 768px) 100vw, 768px\" \/><figcaption class=\"wp-element-caption\">Schuppenwurz (Lathraea suamaria)<\/figcaption><\/figure><\/div>\n\n\n<p>Hier eine unbekanntere Pflanze, die <strong>Schuppenwurz.<\/strong><\/p>\n\n\n\n<p>Eine Pflanze, die vollkommen ohne Blattgr\u00fcn und somit ohne Photosynthese auskommt.<\/p>\n\n\n\n<p>Es gelingt ihr, weil sie eine sogenannte Schmarotzerpflanze ist.<\/p>\n\n\n\n<p>Sie bildet ein unterirdisches Wurzelwerk aus (Rhizom), das bis zu 5m lang werden kann und saugt aus anderen Pflanzen, auch B\u00e4umen, N\u00e4hrstoffe aus deren Wurzeln.<\/p>\n\n\n\n<p>.<\/p>\n\n\n\n<p>.<\/p>\n\n\n\n<p>.<\/p>\n\n\n\n<p>.<\/p>\n\n\n\n<p>.<\/p>\n\n\n\n<p><\/p>\n\n\n<div class=\"wp-block-image\">\n<figure class=\"alignleft size-large is-resized\"><img loading=\"lazy\" decoding=\"async\" width=\"768\" height=\"1024\" src=\"https:\/\/www.albverein-bergatreute.de\/ortsgruppe\/wp-content\/uploads\/sites\/5\/2024\/03\/IMG_3315-768x1024.jpeg\" alt=\"\" class=\"wp-image-25515\" style=\"width:500px\" srcset=\"https:\/\/www.albverein-bergatreute.de\/ortsgruppe\/wp-content\/uploads\/sites\/5\/2024\/03\/IMG_3315-768x1024.jpeg 768w, https:\/\/www.albverein-bergatreute.de\/ortsgruppe\/wp-content\/uploads\/sites\/5\/2024\/03\/IMG_3315-225x300.jpeg 225w, https:\/\/www.albverein-bergatreute.de\/ortsgruppe\/wp-content\/uploads\/sites\/5\/2024\/03\/IMG_3315-1152x1536.jpeg 1152w, https:\/\/www.albverein-bergatreute.de\/ortsgruppe\/wp-content\/uploads\/sites\/5\/2024\/03\/IMG_3315.jpeg 1536w\" sizes=\"auto, (max-width: 768px) 100vw, 768px\" \/><\/figure><\/div>\n\n\n<p>.<\/p>\n\n\n\n<p>.<\/p>\n\n\n\n<p>.<\/p>\n\n\n\n<p>.<\/p>\n\n\n\n<p>.<\/p>\n\n\n\n<p>.<\/p>\n\n\n\n<p>.<\/p>\n\n\n\n<p>.<\/p>\n\n\n\n<p>.<\/p>\n\n\n\n<p>.<\/p>\n\n\n\n<p>.<\/p>\n\n\n\n<p>.<\/p>\n\n\n\n<p>.<\/p>\n\n\n\n<p>.<\/p>\n\n\n\n<p><\/p>\n\n\n<div class=\"wp-block-image\">\n<figure class=\"alignleft size-large is-resized\"><img loading=\"lazy\" decoding=\"async\" width=\"768\" height=\"1024\" src=\"https:\/\/www.albverein-bergatreute.de\/ortsgruppe\/wp-content\/uploads\/sites\/5\/2024\/03\/IMG_3321-768x1024.jpeg\" alt=\"\" class=\"wp-image-25516\" style=\"width:500px\" srcset=\"https:\/\/www.albverein-bergatreute.de\/ortsgruppe\/wp-content\/uploads\/sites\/5\/2024\/03\/IMG_3321-768x1024.jpeg 768w, https:\/\/www.albverein-bergatreute.de\/ortsgruppe\/wp-content\/uploads\/sites\/5\/2024\/03\/IMG_3321-225x300.jpeg 225w, https:\/\/www.albverein-bergatreute.de\/ortsgruppe\/wp-content\/uploads\/sites\/5\/2024\/03\/IMG_3321-1152x1536.jpeg 1152w, https:\/\/www.albverein-bergatreute.de\/ortsgruppe\/wp-content\/uploads\/sites\/5\/2024\/03\/IMG_3321.jpeg 1536w\" sizes=\"auto, (max-width: 768px) 100vw, 768px\" \/><figcaption class=\"wp-element-caption\">Veilchen (Viola)<\/figcaption><\/figure><\/div>\n\n\n<p>Jetzt aber.<\/p>\n\n\n\n<p>Das hier ist eindeutig ein <strong>Veilchen<\/strong><\/p>\n\n\n\n<p>Die zwei Arten Waldveilchen und Hainveilchen sind kaum zu unterscheiden. Der Verfasser geht hier von einem Hainveilchen ausgeht. Es spielt auch keine Rolle. Wichtig ist, es ist ein Veilchen und es zeigt uns den Fr\u00fchling an.<\/p>\n\n\n\n<p>.<\/p>\n\n\n\n<p>.<\/p>\n\n\n\n<p>.<\/p>\n\n\n\n<p>.<\/p>\n\n\n\n<p>.<\/p>\n\n\n\n<p>.<\/p>\n\n\n\n<p>.<\/p>\n\n\n\n<p>.<\/p>\n\n\n<div class=\"wp-block-image\">\n<figure class=\"alignleft size-large is-resized\"><img loading=\"lazy\" decoding=\"async\" width=\"819\" height=\"1092\" src=\"https:\/\/www.albverein-bergatreute.de\/ortsgruppe\/wp-content\/uploads\/sites\/5\/2024\/03\/IMG_3322-edited.jpeg\" alt=\"\" class=\"wp-image-25518\" style=\"width:500px\" srcset=\"https:\/\/www.albverein-bergatreute.de\/ortsgruppe\/wp-content\/uploads\/sites\/5\/2024\/03\/IMG_3322-edited.jpeg 819w, https:\/\/www.albverein-bergatreute.de\/ortsgruppe\/wp-content\/uploads\/sites\/5\/2024\/03\/IMG_3322-edited-225x300.jpeg 225w, https:\/\/www.albverein-bergatreute.de\/ortsgruppe\/wp-content\/uploads\/sites\/5\/2024\/03\/IMG_3322-edited-768x1024.jpeg 768w\" sizes=\"auto, (max-width: 819px) 100vw, 819px\" \/><figcaption class=\"wp-element-caption\">Veilchen (Viola)<\/figcaption><\/figure><\/div>\n\n\n<p>Der Wissenschaftliche Name ist Viola.<\/p>\n\n\n\n<p>.<\/p>\n\n\n\n<p>.<\/p>\n\n\n\n<p>.<\/p>\n\n\n\n<p>.<\/p>\n\n\n\n<p>.<\/p>\n\n\n\n<p>.<\/p>\n\n\n\n<p>.<\/p>\n\n\n\n<p>.<\/p>\n\n\n\n<p>.<\/p>\n\n\n\n<p>.<\/p>\n\n\n\n<p>.<\/p>\n\n\n\n<p>.<\/p>\n\n\n\n<p>.<\/p>\n\n\n\n<p><\/p>\n\n\n\n<p>Die Kommentarfunktion ist f\u00fcr Anregungen und Fragen freigeschaltet<\/p>\n","protected":false},"excerpt":{"rendered":"<p>Was bl\u00e4ut mich den da so an? So aus der Ferne? Sind das Veilchen? . . . . . . . . .&hellip;<\/p>\n","protected":false},"author":3,"featured_media":0,"comment_status":"open","ping_status":"closed","sticky":false,"template":"","format":"standard","meta":{"ngg_post_thumbnail":0,"footnotes":""},"categories":[57,6],"tags":[],"class_list":["post-25509","post","type-post","status-publish","format-standard","hentry","category-in-der-natur-entdeckt","category-wanderberichte"],"_links":{"self":[{"href":"https:\/\/www.albverein-bergatreute.de\/ortsgruppe\/wp-json\/wp\/v2\/posts\/25509","targetHints":{"allow":["GET"]}}],"collection":[{"href":"https:\/\/www.albverein-bergatreute.de\/ortsgruppe\/wp-json\/wp\/v2\/posts"}],"about":[{"href":"https:\/\/www.albverein-bergatreute.de\/ortsgruppe\/wp-json\/wp\/v2\/types\/post"}],"author":[{"embeddable":true,"href":"https:\/\/www.albverein-bergatreute.de\/ortsgruppe\/wp-json\/wp\/v2\/users\/3"}],"replies":[{"embeddable":true,"href":"https:\/\/www.albverein-bergatreute.de\/ortsgruppe\/wp-json\/wp\/v2\/comments?post=25509"}],"version-history":[{"count":5,"href":"https:\/\/www.albverein-bergatreute.de\/ortsgruppe\/wp-json\/wp\/v2\/posts\/25509\/revisions"}],"predecessor-version":[{"id":25525,"href":"https:\/\/www.albverein-bergatreute.de\/ortsgruppe\/wp-json\/wp\/v2\/posts\/25509\/revisions\/25525"}],"wp:attachment":[{"href":"https:\/\/www.albverein-bergatreute.de\/ortsgruppe\/wp-json\/wp\/v2\/media?parent=25509"}],"wp:term":[{"taxonomy":"category","embeddable":true,"href":"https:\/\/www.albverein-bergatreute.de\/ortsgruppe\/wp-json\/wp\/v2\/categories?post=25509"},{"taxonomy":"post_tag","embeddable":true,"href":"https:\/\/www.albverein-bergatreute.de\/ortsgruppe\/wp-json\/wp\/v2\/tags?post=25509"}],"curies":[{"name":"wp","href":"https:\/\/api.w.org\/{rel}","templated":true}]}}