{"id":25551,"date":"2024-05-04T16:41:40","date_gmt":"2024-05-04T14:41:40","guid":{"rendered":"https:\/\/www.albverein-bergatreute.de\/ortsgruppe\/?p=25551"},"modified":"2024-05-31T14:22:35","modified_gmt":"2024-05-31T12:22:35","slug":"in-der-natur-entdeckt-1-mai","status":"publish","type":"post","link":"https:\/\/www.albverein-bergatreute.de\/ortsgruppe\/2024\/05\/04\/in-der-natur-entdeckt-1-mai\/","title":{"rendered":"In der Natur entdeckt, 1. Mai"},"content":{"rendered":"<div class=\"wp-block-image\">\n<figure class=\"alignleft size-large is-resized\"><img loading=\"lazy\" decoding=\"async\" width=\"768\" height=\"1024\" src=\"https:\/\/www.albverein-bergatreute.de\/ortsgruppe\/wp-content\/uploads\/sites\/5\/2024\/05\/IMG_3454-768x1024.jpeg\" alt=\"\" class=\"wp-image-25554\" style=\"width:500px\" srcset=\"https:\/\/www.albverein-bergatreute.de\/ortsgruppe\/wp-content\/uploads\/sites\/5\/2024\/05\/IMG_3454-768x1024.jpeg 768w, https:\/\/www.albverein-bergatreute.de\/ortsgruppe\/wp-content\/uploads\/sites\/5\/2024\/05\/IMG_3454-225x300.jpeg 225w, https:\/\/www.albverein-bergatreute.de\/ortsgruppe\/wp-content\/uploads\/sites\/5\/2024\/05\/IMG_3454-1152x1536.jpeg 1152w, https:\/\/www.albverein-bergatreute.de\/ortsgruppe\/wp-content\/uploads\/sites\/5\/2024\/05\/IMG_3454.jpeg 1536w\" sizes=\"auto, (max-width: 768px) 100vw, 768px\" \/><figcaption class=\"wp-element-caption\">Knoblauchsrauke <em>(Alliaria petiolata)<\/em><\/figcaption><\/figure><\/div>\n\n\n<p>H\u00e4ufig am Waldrand oder an Bachl\u00e4ufen zu finden ist die <strong>Knoblauchsrauke<\/strong><\/p>\n\n\n\n<p>Die zerriebenen Bl\u00e4tter riechen nach Knoblauch, obwohl die zwei Pflanzen v\u00f6llig unverwandt sind.<\/p>\n\n\n\n<p>W\u00e4hrend der Knoblauch und auch der B\u00e4rlauch zum erweiterten Kreis der Liliengew\u00e4chse gez\u00e4hlt werden, geh\u00f6rt die Knoblauchsrauke, wie der Senf und der Raps zu den Kreuzbl\u00fctlern.<\/p>\n\n\n\n<p>Der typische Knoblauchgeruch kommt auch nicht vom Alliin, wie beim B\u00e4rlauch, sondern von Senf\u00f6len, riecht aber zum verwechseln \u00e4hnlich.<\/p>\n\n\n\n<p>Durch den guten Geschmack und den  hohen Vitamin C Gehalt ist die Pflanze sehr gut geeignet, einem Salat beigemischt zu werden.<\/p>\n\n\n\n<p><\/p>\n\n\n\n<p><\/p>\n\n\n<div class=\"wp-block-image\">\n<figure class=\"alignleft size-large is-resized\"><img loading=\"lazy\" decoding=\"async\" width=\"768\" height=\"1024\" src=\"https:\/\/www.albverein-bergatreute.de\/ortsgruppe\/wp-content\/uploads\/sites\/5\/2024\/05\/IMG_3456-768x1024.jpeg\" alt=\"\" class=\"wp-image-25555\" style=\"width:500px\" srcset=\"https:\/\/www.albverein-bergatreute.de\/ortsgruppe\/wp-content\/uploads\/sites\/5\/2024\/05\/IMG_3456-768x1024.jpeg 768w, https:\/\/www.albverein-bergatreute.de\/ortsgruppe\/wp-content\/uploads\/sites\/5\/2024\/05\/IMG_3456-225x300.jpeg 225w, https:\/\/www.albverein-bergatreute.de\/ortsgruppe\/wp-content\/uploads\/sites\/5\/2024\/05\/IMG_3456-1152x1536.jpeg 1152w, https:\/\/www.albverein-bergatreute.de\/ortsgruppe\/wp-content\/uploads\/sites\/5\/2024\/05\/IMG_3456.jpeg 1536w\" sizes=\"auto, (max-width: 768px) 100vw, 768px\" \/><figcaption class=\"wp-element-caption\">Waldmeister <em>(Galium odoratum)<\/em><\/figcaption><\/figure><\/div>\n\n\n<p>Der&nbsp;<strong>Waldmeister<\/strong>, ein Labkraut, ist recht bekannt. Man verwendet ihn zu Herstellung der Maibowle. Man hat schon \u00f6fter geh\u00f6rt, das enthaltene Cumarin habe zu Kopfschmerzen gef\u00fchrt. Kann nat\u00fcrlich auch der Alkohol gewesen sein.<\/p>\n\n\n\n<p>Seit 1981 ist die Verwendung des Waldmeisters zur gewerblichen Aromatisierung von Lebensmittel verboten. D.h., man kann sicher sein, dass im Waldmeister-Eis keinerlei Waldmeister drin ist!<\/p>\n\n\n\n<p>Wenn man den wissenschaftlichen Namen Galium odoratum \u00fcbersetzt, hei\u00dft er sehr treffend duftendes Labkraut.<\/p>\n\n\n\n<p><\/p>\n\n\n\n<p><\/p>\n\n\n\n<p><\/p>\n\n\n\n<p><\/p>\n\n\n<div class=\"wp-block-image\">\n<figure class=\"alignleft size-large is-resized\"><img loading=\"lazy\" decoding=\"async\" width=\"768\" height=\"1024\" src=\"https:\/\/www.albverein-bergatreute.de\/ortsgruppe\/wp-content\/uploads\/sites\/5\/2024\/05\/image-768x1024.png\" alt=\"\" class=\"wp-image-25556\" style=\"width:500px\" srcset=\"https:\/\/www.albverein-bergatreute.de\/ortsgruppe\/wp-content\/uploads\/sites\/5\/2024\/05\/image-768x1024.png 768w, https:\/\/www.albverein-bergatreute.de\/ortsgruppe\/wp-content\/uploads\/sites\/5\/2024\/05\/image-225x300.png 225w, https:\/\/www.albverein-bergatreute.de\/ortsgruppe\/wp-content\/uploads\/sites\/5\/2024\/05\/image-1152x1536.png 1152w, https:\/\/www.albverein-bergatreute.de\/ortsgruppe\/wp-content\/uploads\/sites\/5\/2024\/05\/image-1536x2048.png 1536w, https:\/\/www.albverein-bergatreute.de\/ortsgruppe\/wp-content\/uploads\/sites\/5\/2024\/05\/image.png 1920w\" sizes=\"auto, (max-width: 768px) 100vw, 768px\" \/><figcaption class=\"wp-element-caption\">Waldmeister <em>(Galium odoratum)<\/em><\/figcaption><\/figure><\/div>\n\n\n<p>.<\/p>\n\n\n\n<p>.<\/p>\n\n\n\n<p>.<\/p>\n\n\n\n<p>.<\/p>\n\n\n\n<p>.<\/p>\n\n\n\n<p>.<\/p>\n\n\n\n<p>.<\/p>\n\n\n\n<p>.<\/p>\n\n\n\n<p>.<\/p>\n\n\n\n<p>.<\/p>\n\n\n\n<p>.<\/p>\n\n\n\n<p>.<\/p>\n\n\n\n<p>.<\/p>\n\n\n\n<p>.<\/p>\n\n\n\n<p>.<\/p>\n\n\n<div class=\"wp-block-image\">\n<figure class=\"alignleft size-large is-resized\"><img loading=\"lazy\" decoding=\"async\" width=\"768\" height=\"1024\" src=\"https:\/\/www.albverein-bergatreute.de\/ortsgruppe\/wp-content\/uploads\/sites\/5\/2024\/05\/IMG_3463-768x1024.jpeg\" alt=\"\" class=\"wp-image-25557\" style=\"width:500px\" srcset=\"https:\/\/www.albverein-bergatreute.de\/ortsgruppe\/wp-content\/uploads\/sites\/5\/2024\/05\/IMG_3463-768x1024.jpeg 768w, https:\/\/www.albverein-bergatreute.de\/ortsgruppe\/wp-content\/uploads\/sites\/5\/2024\/05\/IMG_3463-225x300.jpeg 225w, https:\/\/www.albverein-bergatreute.de\/ortsgruppe\/wp-content\/uploads\/sites\/5\/2024\/05\/IMG_3463-1152x1536.jpeg 1152w, https:\/\/www.albverein-bergatreute.de\/ortsgruppe\/wp-content\/uploads\/sites\/5\/2024\/05\/IMG_3463.jpeg 1536w\" sizes=\"auto, (max-width: 768px) 100vw, 768px\" \/><figcaption class=\"wp-element-caption\">Gamander Ehrenpreis <em>(Veronica chamaedrys)<\/em><\/figcaption><\/figure><\/div>\n\n\n<p>H\u00e4ufig in Wiesen und Weiden und auch im heimischen Rasen sind die Ehrenpreis-Arten.<\/p>\n\n\n\n<p>Hier der <strong>Gamander-Ehrenpreis<\/strong><\/p>\n\n\n\n<p>Er hat auch seltsame Namen wie Frauenbiss, oder M\u00e4nnertreu!?<\/p>\n\n\n\n<p>Wie er zu den Namen kam, wei\u00df der Verfasser dieser Zeilen nicht. W\u00e4re aber interessant. Wenn ein Leser etwas dazu wei\u00df, gerne als Kommentar anf\u00fcgen.<\/p>\n\n\n\n<p>.<\/p>\n\n\n\n<p>.<\/p>\n\n\n\n<p>.<\/p>\n\n\n\n<p>.<\/p>\n\n\n\n<p>.<\/p>\n\n\n\n<p>.<\/p>\n\n\n\n<p>.<\/p>\n\n\n\n<p><\/p>\n\n\n<div class=\"wp-block-image\">\n<figure class=\"alignleft size-large is-resized\"><img loading=\"lazy\" decoding=\"async\" width=\"768\" height=\"1024\" src=\"https:\/\/www.albverein-bergatreute.de\/ortsgruppe\/wp-content\/uploads\/sites\/5\/2024\/05\/IMG_3467-768x1024.jpeg\" alt=\"\" class=\"wp-image-25558\" style=\"width:500px\" srcset=\"https:\/\/www.albverein-bergatreute.de\/ortsgruppe\/wp-content\/uploads\/sites\/5\/2024\/05\/IMG_3467-768x1024.jpeg 768w, https:\/\/www.albverein-bergatreute.de\/ortsgruppe\/wp-content\/uploads\/sites\/5\/2024\/05\/IMG_3467-225x300.jpeg 225w, https:\/\/www.albverein-bergatreute.de\/ortsgruppe\/wp-content\/uploads\/sites\/5\/2024\/05\/IMG_3467-1152x1536.jpeg 1152w, https:\/\/www.albverein-bergatreute.de\/ortsgruppe\/wp-content\/uploads\/sites\/5\/2024\/05\/IMG_3467.jpeg 1536w\" sizes=\"auto, (max-width: 768px) 100vw, 768px\" \/><figcaption class=\"wp-element-caption\">Gamander-Ehrenpreis <em>(Veronica chamaedrys)<\/em><\/figcaption><\/figure><\/div>\n\n\n<p>Bisher hat sich der Verfasser nicht getraut, die zwei Arten <strong>Gamander-Ehrenpreis<\/strong> und Persischer Ehrenpreis zu differenzieren.<\/p>\n\n\n\n<p>Inzwischen traut er sich.<\/p>\n\n\n\n<p>Hier und im Bild oben der Gamander-Ehrenpreis.<\/p>\n\n\n\n<p>Im folgenden Bild der Persische Ehrenpreis<\/p>\n\n\n\n<p>.<\/p>\n\n\n\n<p>.<\/p>\n\n\n\n<p>.<\/p>\n\n\n\n<p>.<\/p>\n\n\n\n<p>.<\/p>\n\n\n\n<p>.<\/p>\n\n\n\n<p>.<\/p>\n\n\n\n<p>.<\/p>\n\n\n<div class=\"wp-block-image\">\n<figure class=\"alignleft size-full is-resized\"><img loading=\"lazy\" decoding=\"async\" width=\"654\" height=\"872\" src=\"https:\/\/www.albverein-bergatreute.de\/ortsgruppe\/wp-content\/uploads\/sites\/5\/2024\/05\/image-1.png\" alt=\"\" class=\"wp-image-25559\" style=\"width:500px\" srcset=\"https:\/\/www.albverein-bergatreute.de\/ortsgruppe\/wp-content\/uploads\/sites\/5\/2024\/05\/image-1.png 654w, https:\/\/www.albverein-bergatreute.de\/ortsgruppe\/wp-content\/uploads\/sites\/5\/2024\/05\/image-1-225x300.png 225w\" sizes=\"auto, (max-width: 654px) 100vw, 654px\" \/><figcaption class=\"wp-element-caption\">Persischer Ehrenpreis <em>(Veronica persica)<\/em><\/figcaption><\/figure><\/div>\n\n\n<p><strong>Persischer Ehrenpreis<\/strong><\/p>\n\n\n\n<p>.<\/p>\n\n\n\n<p>.<\/p>\n\n\n\n<p>.<\/p>\n\n\n\n<p>.<\/p>\n\n\n\n<p>.<\/p>\n\n\n\n<p>.<\/p>\n\n\n\n<p>.<\/p>\n\n\n\n<p>.<\/p>\n\n\n\n<p>.<\/p>\n\n\n\n<p>.<\/p>\n\n\n\n<p>.<\/p>\n\n\n\n<p>.<\/p>\n\n\n\n<p>.<\/p>\n\n\n\n<p>.<\/p>\n\n\n\n<p><\/p>\n\n\n<div class=\"wp-block-image\">\n<figure class=\"alignleft size-large is-resized\"><img loading=\"lazy\" decoding=\"async\" width=\"768\" height=\"1024\" src=\"https:\/\/www.albverein-bergatreute.de\/ortsgruppe\/wp-content\/uploads\/sites\/5\/2024\/05\/IMG_3472-768x1024.jpeg\" alt=\"\" class=\"wp-image-25560\" style=\"width:500px\" srcset=\"https:\/\/www.albverein-bergatreute.de\/ortsgruppe\/wp-content\/uploads\/sites\/5\/2024\/05\/IMG_3472-768x1024.jpeg 768w, https:\/\/www.albverein-bergatreute.de\/ortsgruppe\/wp-content\/uploads\/sites\/5\/2024\/05\/IMG_3472-225x300.jpeg 225w, https:\/\/www.albverein-bergatreute.de\/ortsgruppe\/wp-content\/uploads\/sites\/5\/2024\/05\/IMG_3472-1152x1536.jpeg 1152w, https:\/\/www.albverein-bergatreute.de\/ortsgruppe\/wp-content\/uploads\/sites\/5\/2024\/05\/IMG_3472.jpeg 1536w\" sizes=\"auto, (max-width: 768px) 100vw, 768px\" \/><\/figure><\/div>\n\n\n<p>Ja, wir sind jetzt wieder im Witschwender Achtal<\/p>\n\n\n\n<p>Man kann sie einfach nicht ignorieren. <\/p>\n\n\n\n<p>Die K\u00f6nigin des Witschwender Achtals.<\/p>\n\n\n\n<p>Das <strong>Purpur Knabenkraut<\/strong><\/p>\n\n\n\n<p>Das&nbsp;<strong>Purpur-Knabenkraut<\/strong>&nbsp;ist eine Perle in der Pflanzenwelt unserer Gegend. Eine sehr seltene Orchideenart. Sie ist stark gesch\u00fctzt. Sollten sie ein Exemplar finden, bitte nicht ber\u00fchren, nur bestaunen. <\/p>\n\n\n\n<p>Der Name Knabenkraut, wie auch der Gattungsname Orchis weisen auf die zwei unterirdischen Knollen hin (Orchis = Hoden). Wenn ein Same der Pflanze auf die Erde f\u00e4llt, kann es bis zu 10! Jahre dauern, bis er keimt, wenn er \u00fcberhaupt keimt. Die Pflanze ist nicht nur sch\u00f6n, sondern auch \u00e4u\u00dferst anspruchsvoll. Eine echte K\u00f6nigin eben.<\/p>\n\n\n\n<p><\/p>\n\n\n<div class=\"wp-block-image\">\n<figure class=\"alignleft size-large is-resized\"><img loading=\"lazy\" decoding=\"async\" width=\"682\" height=\"1024\" src=\"https:\/\/www.albverein-bergatreute.de\/ortsgruppe\/wp-content\/uploads\/sites\/5\/2024\/05\/image-2-682x1024.png\" alt=\"\" class=\"wp-image-25561\" style=\"width:500px\" srcset=\"https:\/\/www.albverein-bergatreute.de\/ortsgruppe\/wp-content\/uploads\/sites\/5\/2024\/05\/image-2-682x1024.png 682w, https:\/\/www.albverein-bergatreute.de\/ortsgruppe\/wp-content\/uploads\/sites\/5\/2024\/05\/image-2-200x300.png 200w, https:\/\/www.albverein-bergatreute.de\/ortsgruppe\/wp-content\/uploads\/sites\/5\/2024\/05\/image-2-768x1153.png 768w, https:\/\/www.albverein-bergatreute.de\/ortsgruppe\/wp-content\/uploads\/sites\/5\/2024\/05\/image-2-1024x1536.png 1024w, https:\/\/www.albverein-bergatreute.de\/ortsgruppe\/wp-content\/uploads\/sites\/5\/2024\/05\/image-2-1365x2048.png 1365w, https:\/\/www.albverein-bergatreute.de\/ortsgruppe\/wp-content\/uploads\/sites\/5\/2024\/05\/image-2.png 1382w\" sizes=\"auto, (max-width: 682px) 100vw, 682px\" \/><figcaption class=\"wp-element-caption\">Purpur Knabenkraut <em>(Orchis purpuraea)<\/em><\/figcaption><\/figure><\/div>\n\n\n<p>Man hat den Eindruck, sie ist sich ihrer Sch\u00f6nheit bewusst.<\/p>\n\n\n\n<p>Eine echte Majest\u00e4t.<\/p>\n\n\n\n<p>.<\/p>\n\n\n\n<p>.<\/p>\n\n\n\n<p>.<\/p>\n\n\n\n<p>.<\/p>\n\n\n\n<p>.<\/p>\n\n\n\n<p>.<\/p>\n\n\n\n<p>.<\/p>\n\n\n\n<p>.<\/p>\n\n\n\n<p>.<\/p>\n\n\n\n<p>.<\/p>\n\n\n\n<p>.<\/p>\n\n\n\n<p>.<\/p>\n\n\n\n<p>.<\/p>\n\n\n\n<p>.<\/p>\n\n\n\n<p>Und denken Sie daran! Am 26. Mai ist Bl\u00fcmleswanderung!<\/p>\n\n\n\n<p>Treffpunkt 13:00 in der Bergatreuter Ortsmitte.<\/p>\n\n\n\n<p>Die Kommentarfunktion ist freigeschaltet. Sie d\u00fcrfen gerne Fragen und Anregungen anf\u00fcgen.<\/p>\n\n\n\n<p><\/p>\n","protected":false},"excerpt":{"rendered":"<p>H\u00e4ufig am Waldrand oder an Bachl\u00e4ufen zu finden ist die Knoblauchsrauke Die zerriebenen Bl\u00e4tter riechen nach Knoblauch, obwohl die zwei Pflanzen v\u00f6llig unverwandt&hellip;<\/p>\n","protected":false},"author":3,"featured_media":0,"comment_status":"open","ping_status":"closed","sticky":false,"template":"","format":"standard","meta":{"ngg_post_thumbnail":0,"footnotes":""},"categories":[57,6],"tags":[],"class_list":["post-25551","post","type-post","status-publish","format-standard","hentry","category-in-der-natur-entdeckt","category-wanderberichte"],"_links":{"self":[{"href":"https:\/\/www.albverein-bergatreute.de\/ortsgruppe\/wp-json\/wp\/v2\/posts\/25551","targetHints":{"allow":["GET"]}}],"collection":[{"href":"https:\/\/www.albverein-bergatreute.de\/ortsgruppe\/wp-json\/wp\/v2\/posts"}],"about":[{"href":"https:\/\/www.albverein-bergatreute.de\/ortsgruppe\/wp-json\/wp\/v2\/types\/post"}],"author":[{"embeddable":true,"href":"https:\/\/www.albverein-bergatreute.de\/ortsgruppe\/wp-json\/wp\/v2\/users\/3"}],"replies":[{"embeddable":true,"href":"https:\/\/www.albverein-bergatreute.de\/ortsgruppe\/wp-json\/wp\/v2\/comments?post=25551"}],"version-history":[{"count":3,"href":"https:\/\/www.albverein-bergatreute.de\/ortsgruppe\/wp-json\/wp\/v2\/posts\/25551\/revisions"}],"predecessor-version":[{"id":25564,"href":"https:\/\/www.albverein-bergatreute.de\/ortsgruppe\/wp-json\/wp\/v2\/posts\/25551\/revisions\/25564"}],"wp:attachment":[{"href":"https:\/\/www.albverein-bergatreute.de\/ortsgruppe\/wp-json\/wp\/v2\/media?parent=25551"}],"wp:term":[{"taxonomy":"category","embeddable":true,"href":"https:\/\/www.albverein-bergatreute.de\/ortsgruppe\/wp-json\/wp\/v2\/categories?post=25551"},{"taxonomy":"post_tag","embeddable":true,"href":"https:\/\/www.albverein-bergatreute.de\/ortsgruppe\/wp-json\/wp\/v2\/tags?post=25551"}],"curies":[{"name":"wp","href":"https:\/\/api.w.org\/{rel}","templated":true}]}}