{"id":25618,"date":"2024-07-22T16:41:45","date_gmt":"2024-07-22T14:41:45","guid":{"rendered":"https:\/\/www.albverein-bergatreute.de\/ortsgruppe\/?p=25618"},"modified":"2024-07-22T16:41:45","modified_gmt":"2024-07-22T14:41:45","slug":"absage-des-albvereinsfestes-am-bierkeller","status":"publish","type":"post","link":"https:\/\/www.albverein-bergatreute.de\/ortsgruppe\/2024\/07\/22\/absage-des-albvereinsfestes-am-bierkeller\/","title":{"rendered":"Absage des Albvereinsfestes am Bierkeller"},"content":{"rendered":"\n<p id=\"block-29566433-23d4-49ba-a220-0633e4c84546\"><br>Am Sonntag, 21. Juli 2024 sollte eigentlich das traditionelle Albvereinsfest mit den Katzaw\u00e4ldele-Musikanten am Bierkeller stattfinden.<br>Da das Sommerfest nur bei gutem und gewitterfreien Wetter in einer Zeitspanne von ca. 11-18 Uhr durchgef\u00fchrt werden kann, mussten wir uns am Donnerstag bereits entscheiden, ob wir das Fest durchf\u00fchren oder nicht.<\/p>\n\n\n\n<p id=\"block-92921987-d520-4ce0-8f95-c209168287fa\">Da die Wetterprognosen f\u00fcr Sonntag sehr schlecht waren, beschlossen wir kein Risiko einzugehen und das Fest leider abzusagen.<br><br>Zu diesem Zeitpunkt konnten wir den Gro\u00dfteil an Getr\u00e4nken und Lebensmittel noch stornieren oder es war noch nicht bestellt. Diese Entscheidung war f\u00fcr uns auch sehr schwer.<br>\u201eIm Nachhinein ist man kl\u00fcger\u201c<br><br>Die Vorstandschaft der OG Bergatreute<\/p>\n\n\n\n<p id=\"block-6cf6280c-37f1-4494-8a4b-edcbd576129a\">\ufeff<\/p>\n","protected":false},"excerpt":{"rendered":"<p>Am Sonntag, 21. Juli 2024 sollte eigentlich das traditionelle Albvereinsfest mit den Katzaw\u00e4ldele-Musikanten am Bierkeller stattfinden.Da das Sommerfest nur bei gutem und gewitterfreien&hellip;<\/p>\n","protected":false},"author":3,"featured_media":0,"comment_status":"closed","ping_status":"closed","sticky":false,"template":"","format":"standard","meta":{"ngg_post_thumbnail":0,"footnotes":""},"categories":[56],"tags":[],"class_list":["post-25618","post","type-post","status-publish","format-standard","hentry","category-veranstaltung"],"_links":{"self":[{"href":"https:\/\/www.albverein-bergatreute.de\/ortsgruppe\/wp-json\/wp\/v2\/posts\/25618","targetHints":{"allow":["GET"]}}],"collection":[{"href":"https:\/\/www.albverein-bergatreute.de\/ortsgruppe\/wp-json\/wp\/v2\/posts"}],"about":[{"href":"https:\/\/www.albverein-bergatreute.de\/ortsgruppe\/wp-json\/wp\/v2\/types\/post"}],"author":[{"embeddable":true,"href":"https:\/\/www.albverein-bergatreute.de\/ortsgruppe\/wp-json\/wp\/v2\/users\/3"}],"replies":[{"embeddable":true,"href":"https:\/\/www.albverein-bergatreute.de\/ortsgruppe\/wp-json\/wp\/v2\/comments?post=25618"}],"version-history":[{"count":1,"href":"https:\/\/www.albverein-bergatreute.de\/ortsgruppe\/wp-json\/wp\/v2\/posts\/25618\/revisions"}],"predecessor-version":[{"id":25619,"href":"https:\/\/www.albverein-bergatreute.de\/ortsgruppe\/wp-json\/wp\/v2\/posts\/25618\/revisions\/25619"}],"wp:attachment":[{"href":"https:\/\/www.albverein-bergatreute.de\/ortsgruppe\/wp-json\/wp\/v2\/media?parent=25618"}],"wp:term":[{"taxonomy":"category","embeddable":true,"href":"https:\/\/www.albverein-bergatreute.de\/ortsgruppe\/wp-json\/wp\/v2\/categories?post=25618"},{"taxonomy":"post_tag","embeddable":true,"href":"https:\/\/www.albverein-bergatreute.de\/ortsgruppe\/wp-json\/wp\/v2\/tags?post=25618"}],"curies":[{"name":"wp","href":"https:\/\/api.w.org\/{rel}","templated":true}]}}