{"id":26148,"date":"2026-03-05T20:04:27","date_gmt":"2026-03-05T18:04:27","guid":{"rendered":"https:\/\/www.albverein-bergatreute.de\/ortsgruppe\/?p=26148"},"modified":"2026-03-16T18:23:06","modified_gmt":"2026-03-16T16:23:06","slug":"strassenputzete-in-bergatreute","status":"publish","type":"post","link":"https:\/\/www.albverein-bergatreute.de\/ortsgruppe\/2026\/03\/05\/strassenputzete-in-bergatreute\/","title":{"rendered":"Stra\u00dfenputzete in Bergatreute"},"content":{"rendered":"\n<p>Am Samstag, den 07.M\u00e4rz organisierte der Schw\u00e4bische Albverein und die Gemeinde die 9. \u00f6rtliche Stra\u00dfenputzaktion \u201c<strong>Bergatreute putzt sich raus\u201c<\/strong>. Unter diesem Motto wurden <strong>die Zufahrtsstra\u00dfen um <\/strong>Bergatreute vom M\u00fcll befreit.<\/p>\n\n\n\n<p>Rudi K\u00fcble, Albvereinsvorstand, begr\u00fc\u00dfte die 18 Helfer und 6 Kinder am Treffpunkt und teilte die Freiwilligen in die verschieden Stra\u00dfenabschnitte ein.<\/p>\n\n\n\n<p>Bei freundlichem Fr\u00fchlingswetter machten sich die Helfer auf, nachdem sie mit Zangen in Eimern und S\u00e4cken ausgestattet wurden, um die Zufahrtsstra\u00dfen vom M\u00fcll und Unrat zu befreien<\/p>\n\n\n\n<p>Die Leiterin der Mittagsbetreuung von der Gemeinschaftsschule, Dany Amann, sammelte bereits ein paar Tage zuvor mit etlichen Sch\u00fclern in der Ortsmitte M\u00fcll. Ein Dankesch\u00f6n daf\u00fcr!<\/p>\n\n\n\n<p>Das Ergebnis war ein gut gef\u00fcllter Anh\u00e4nger mit Unrat, darunter viele Kaffeebecher, Plastikverpackungen, Glasflaschen, Autoreifen, zig Zigarettenschachteln und S\u00e4cke mit Hausm\u00fcll, welche die freiwilligen Helfer einsammelten.<\/p>\n\n\n\n<p>Nach der Sammelaktion gab es Getr\u00e4nke und ein Vesper am Feuerwehrhaus. Hans Rupp bedankte sich im Namen der Gemeinde bei allen Helfern f\u00fcr ihren Einsatz und beim Bauhof f\u00fcr die Bereitstellung von allen Hilfsmitteln (Eimer, Zangen, S\u00e4cke&#8230;).S. Sterk<\/p>\n\n\n\n<figure class=\"wp-block-image size-large\"><img loading=\"lazy\" decoding=\"async\" width=\"1024\" height=\"535\" src=\"https:\/\/www.albverein-bergatreute.de\/ortsgruppe\/wp-content\/uploads\/sites\/5\/2026\/03\/WhatsApp-Image-2026-03-07-at-17.07.57-1024x535.jpeg\" alt=\"\" class=\"wp-image-26151\" srcset=\"https:\/\/www.albverein-bergatreute.de\/ortsgruppe\/wp-content\/uploads\/sites\/5\/2026\/03\/WhatsApp-Image-2026-03-07-at-17.07.57-1024x535.jpeg 1024w, https:\/\/www.albverein-bergatreute.de\/ortsgruppe\/wp-content\/uploads\/sites\/5\/2026\/03\/WhatsApp-Image-2026-03-07-at-17.07.57-300x157.jpeg 300w, https:\/\/www.albverein-bergatreute.de\/ortsgruppe\/wp-content\/uploads\/sites\/5\/2026\/03\/WhatsApp-Image-2026-03-07-at-17.07.57-768x401.jpeg 768w, https:\/\/www.albverein-bergatreute.de\/ortsgruppe\/wp-content\/uploads\/sites\/5\/2026\/03\/WhatsApp-Image-2026-03-07-at-17.07.57-1536x803.jpeg 1536w, https:\/\/www.albverein-bergatreute.de\/ortsgruppe\/wp-content\/uploads\/sites\/5\/2026\/03\/WhatsApp-Image-2026-03-07-at-17.07.57.jpeg 1600w\" sizes=\"auto, (max-width: 1024px) 100vw, 1024px\" \/><\/figure>\n","protected":false},"excerpt":{"rendered":"<p>Am Samstag, den 07.M\u00e4rz organisierte der Schw\u00e4bische Albverein und die Gemeinde die 9. \u00f6rtliche Stra\u00dfenputzaktion \u201cBergatreute putzt sich raus\u201c. Unter diesem Motto wurden&hellip;<\/p>\n","protected":false},"author":3,"featured_media":0,"comment_status":"closed","ping_status":"closed","sticky":false,"template":"","format":"standard","meta":{"ngg_post_thumbnail":0,"footnotes":""},"categories":[6],"tags":[],"class_list":["post-26148","post","type-post","status-publish","format-standard","hentry","category-wanderberichte"],"_links":{"self":[{"href":"https:\/\/www.albverein-bergatreute.de\/ortsgruppe\/wp-json\/wp\/v2\/posts\/26148","targetHints":{"allow":["GET"]}}],"collection":[{"href":"https:\/\/www.albverein-bergatreute.de\/ortsgruppe\/wp-json\/wp\/v2\/posts"}],"about":[{"href":"https:\/\/www.albverein-bergatreute.de\/ortsgruppe\/wp-json\/wp\/v2\/types\/post"}],"author":[{"embeddable":true,"href":"https:\/\/www.albverein-bergatreute.de\/ortsgruppe\/wp-json\/wp\/v2\/users\/3"}],"replies":[{"embeddable":true,"href":"https:\/\/www.albverein-bergatreute.de\/ortsgruppe\/wp-json\/wp\/v2\/comments?post=26148"}],"version-history":[{"count":3,"href":"https:\/\/www.albverein-bergatreute.de\/ortsgruppe\/wp-json\/wp\/v2\/posts\/26148\/revisions"}],"predecessor-version":[{"id":26154,"href":"https:\/\/www.albverein-bergatreute.de\/ortsgruppe\/wp-json\/wp\/v2\/posts\/26148\/revisions\/26154"}],"wp:attachment":[{"href":"https:\/\/www.albverein-bergatreute.de\/ortsgruppe\/wp-json\/wp\/v2\/media?parent=26148"}],"wp:term":[{"taxonomy":"category","embeddable":true,"href":"https:\/\/www.albverein-bergatreute.de\/ortsgruppe\/wp-json\/wp\/v2\/categories?post=26148"},{"taxonomy":"post_tag","embeddable":true,"href":"https:\/\/www.albverein-bergatreute.de\/ortsgruppe\/wp-json\/wp\/v2\/tags?post=26148"}],"curies":[{"name":"wp","href":"https:\/\/api.w.org\/{rel}","templated":true}]}}