{"id":26175,"date":"2026-04-19T11:17:25","date_gmt":"2026-04-19T09:17:25","guid":{"rendered":"https:\/\/www.albverein-bergatreute.de\/ortsgruppe\/?p=26175"},"modified":"2026-04-19T11:17:25","modified_gmt":"2026-04-19T09:17:25","slug":"bluetenwanderung-bei-wasserburg-am-sonntag-26-april","status":"publish","type":"post","link":"https:\/\/www.albverein-bergatreute.de\/ortsgruppe\/2026\/04\/19\/bluetenwanderung-bei-wasserburg-am-sonntag-26-april\/","title":{"rendered":"Bl\u00fctenwanderung bei Wasserburg am Sonntag, 26. April"},"content":{"rendered":"\n<p>Die Ortsgruppe Bergatreute l\u00e4dt am Sonntag, 26. April 2026, zu einer Rundwanderung bei Wasserburg am Bodensee ein.<\/p>\n\n\n\n<p>Nach einem Rundgang in Wasserburg geht es von der malerischen Halbinsel am See entlang in Richtung Nonnenhorn. Durch Obstg\u00e4rten und Weinreben f\u00fchrt der Weg hoch in Richtung Hattnau, Selmnau und zur Antoniuskapelle mit herrlichem Rundumblick. \u00dcber die Martinsh\u00f6he und Hengnau wandern wir in Richtung See, gelangen zum Bichelweiher mit dem angrenzenden Naturschutzgebiet Bichelweihermoos und kurz danach zur Jakobuskapelle. Bald darauf passieren wir am Freibad Aquamarin die wundersch\u00f6n gestaltete Freizeitanlage und erreichen wieder die Halbinsel.<\/p>\n\n\n\n<p>Die Gehzeit betr\u00e4gt ca. 4 Stunden bei rund 13,5 km und etwa 120 hm.<\/p>\n\n\n\n<p>Der Treffpunkt zur Bildung von Fahrgemeinschaften ist um <strong>10.30 Uhr<\/strong> an der Bushaltestelle beim Rathaus. Bitte Vesper, Getr\u00e4nke und evtl. St\u00f6cke mitbringen. Eine abschlie\u00dfende Einkehr &#8211; eventuell am See &#8211; ist vorgesehen. G\u00e4ste sind wie immer herzlich willkommen.<\/p>\n\n\n\n<p>Infos gerne bei B\u00e4rbel Roth, Tel. 0751-59 378 oder 0151 &#8211; 20 24 36 69.<\/p>\n\n\n\n<p><\/p>\n","protected":false},"excerpt":{"rendered":"<p>Die Ortsgruppe Bergatreute l\u00e4dt am Sonntag, 26. April 2026, zu einer Rundwanderung bei Wasserburg am Bodensee ein. Nach einem Rundgang in Wasserburg geht&hellip;<\/p>\n","protected":false},"author":3,"featured_media":0,"comment_status":"closed","ping_status":"closed","sticky":false,"template":"","format":"standard","meta":{"ngg_post_thumbnail":0,"footnotes":""},"categories":[5],"tags":[],"class_list":["post-26175","post","type-post","status-publish","format-standard","hentry","category-wanderung"],"_links":{"self":[{"href":"https:\/\/www.albverein-bergatreute.de\/ortsgruppe\/wp-json\/wp\/v2\/posts\/26175","targetHints":{"allow":["GET"]}}],"collection":[{"href":"https:\/\/www.albverein-bergatreute.de\/ortsgruppe\/wp-json\/wp\/v2\/posts"}],"about":[{"href":"https:\/\/www.albverein-bergatreute.de\/ortsgruppe\/wp-json\/wp\/v2\/types\/post"}],"author":[{"embeddable":true,"href":"https:\/\/www.albverein-bergatreute.de\/ortsgruppe\/wp-json\/wp\/v2\/users\/3"}],"replies":[{"embeddable":true,"href":"https:\/\/www.albverein-bergatreute.de\/ortsgruppe\/wp-json\/wp\/v2\/comments?post=26175"}],"version-history":[{"count":1,"href":"https:\/\/www.albverein-bergatreute.de\/ortsgruppe\/wp-json\/wp\/v2\/posts\/26175\/revisions"}],"predecessor-version":[{"id":26176,"href":"https:\/\/www.albverein-bergatreute.de\/ortsgruppe\/wp-json\/wp\/v2\/posts\/26175\/revisions\/26176"}],"wp:attachment":[{"href":"https:\/\/www.albverein-bergatreute.de\/ortsgruppe\/wp-json\/wp\/v2\/media?parent=26175"}],"wp:term":[{"taxonomy":"category","embeddable":true,"href":"https:\/\/www.albverein-bergatreute.de\/ortsgruppe\/wp-json\/wp\/v2\/categories?post=26175"},{"taxonomy":"post_tag","embeddable":true,"href":"https:\/\/www.albverein-bergatreute.de\/ortsgruppe\/wp-json\/wp\/v2\/tags?post=26175"}],"curies":[{"name":"wp","href":"https:\/\/api.w.org\/{rel}","templated":true}]}}