{"id":26177,"date":"2026-04-23T20:17:34","date_gmt":"2026-04-23T18:17:34","guid":{"rendered":"https:\/\/www.albverein-bergatreute.de\/ortsgruppe\/?p=26177"},"modified":"2026-04-24T08:56:51","modified_gmt":"2026-04-24T06:56:51","slug":"neues-aus-der-natur-23-april","status":"publish","type":"post","link":"https:\/\/www.albverein-bergatreute.de\/ortsgruppe\/2026\/04\/23\/neues-aus-der-natur-23-april\/","title":{"rendered":"Neues aus der Natur, 23. April"},"content":{"rendered":"\n<p>Etwas sp\u00e4t dieses Jahr finde ich Zeit, den ersten kleinen Bericht zu schreiben.<\/p>\n\n\n\n<p>Der Blog hei\u00dft heute nicht &#8222;neues aus\u00b4m Achtal&#8220;, weil der Bl\u00fcmlesmann mal ein wenig oberhalb des Achtals unterwegs war. <\/p>\n\n\n<div class=\"wp-block-image\">\n<figure class=\"alignleft size-large is-resized\"><img loading=\"lazy\" decoding=\"async\" width=\"768\" height=\"1024\" src=\"https:\/\/www.albverein-bergatreute.de\/ortsgruppe\/wp-content\/uploads\/sites\/5\/2026\/04\/IMG_5598-1-768x1024.jpeg\" alt=\"\" class=\"wp-image-26180\" style=\"width:500px\" srcset=\"https:\/\/www.albverein-bergatreute.de\/ortsgruppe\/wp-content\/uploads\/sites\/5\/2026\/04\/IMG_5598-1-768x1024.jpeg 768w, https:\/\/www.albverein-bergatreute.de\/ortsgruppe\/wp-content\/uploads\/sites\/5\/2026\/04\/IMG_5598-1-225x300.jpeg 225w, https:\/\/www.albverein-bergatreute.de\/ortsgruppe\/wp-content\/uploads\/sites\/5\/2026\/04\/IMG_5598-1-1152x1536.jpeg 1152w, https:\/\/www.albverein-bergatreute.de\/ortsgruppe\/wp-content\/uploads\/sites\/5\/2026\/04\/IMG_5598-1.jpeg 1536w\" sizes=\"auto, (max-width: 768px) 100vw, 768px\" \/><figcaption class=\"wp-element-caption\">Wald-Veilchen <em>Viola Reichenbachiana<\/em><\/figcaption><\/figure><\/div>\n\n\n<p>Das Veilchen ist wohl einer der bekanntesten Fr\u00fchlingsanzeiger. Es ist bekannt f\u00fcr seine Farbe und den Veilchenduft.<\/p>\n\n\n\n<p>Hier ist das <strong>Wald-Veilchen,<\/strong> das leider nicht ganz so viel Duft verbreitet, wie sein Verwandter, das Wohlriechende Veilchen.<\/p>\n\n\n\n<p>Auch wegen der Farbe ist das Veilchen bekannt. Wenn man einen Schlag aufs Auge einstecken musste, ist eine sch\u00f6ne Umschreibung f\u00fcr ein blaues Auge, ein Veilchen. Dann tut es auch nur noch hab so weh.<\/p>\n\n\n\n<p>Das Veilchen ist ein altbekanntes Heilkraut und enth\u00e4lt Saponine, Schleimstoffe, Salicyls\u00e4ureverbindungen und \u00e4therische \u00d6le und wird bei Atemwegserkrankungen angewendet<\/p>\n\n\n\n<p>.<\/p>\n\n\n<div class=\"wp-block-image\">\n<figure class=\"alignleft size-large is-resized\"><img loading=\"lazy\" decoding=\"async\" width=\"576\" height=\"1024\" src=\"https:\/\/www.albverein-bergatreute.de\/ortsgruppe\/wp-content\/uploads\/sites\/5\/2026\/04\/38684ECC-69A2-4F6A-AC25-5B3A6F2F85ED-576x1024.jpeg\" alt=\"\" class=\"wp-image-26181\" style=\"width:500px\" srcset=\"https:\/\/www.albverein-bergatreute.de\/ortsgruppe\/wp-content\/uploads\/sites\/5\/2026\/04\/38684ECC-69A2-4F6A-AC25-5B3A6F2F85ED-576x1024.jpeg 576w, https:\/\/www.albverein-bergatreute.de\/ortsgruppe\/wp-content\/uploads\/sites\/5\/2026\/04\/38684ECC-69A2-4F6A-AC25-5B3A6F2F85ED-169x300.jpeg 169w, https:\/\/www.albverein-bergatreute.de\/ortsgruppe\/wp-content\/uploads\/sites\/5\/2026\/04\/38684ECC-69A2-4F6A-AC25-5B3A6F2F85ED-768x1366.jpeg 768w, https:\/\/www.albverein-bergatreute.de\/ortsgruppe\/wp-content\/uploads\/sites\/5\/2026\/04\/38684ECC-69A2-4F6A-AC25-5B3A6F2F85ED-864x1536.jpeg 864w, https:\/\/www.albverein-bergatreute.de\/ortsgruppe\/wp-content\/uploads\/sites\/5\/2026\/04\/38684ECC-69A2-4F6A-AC25-5B3A6F2F85ED-1152x2048.jpeg 1152w, https:\/\/www.albverein-bergatreute.de\/ortsgruppe\/wp-content\/uploads\/sites\/5\/2026\/04\/38684ECC-69A2-4F6A-AC25-5B3A6F2F85ED.jpeg 1316w\" sizes=\"auto, (max-width: 576px) 100vw, 576px\" \/><figcaption class=\"wp-element-caption\">Zypressen-Wolfsmilch <em>Euphorbia cyparissias<\/em><\/figcaption><\/figure><\/div>\n\n\n<p>Von der Heilpflanze direkt zu Giftpflanze.<\/p>\n\n\n\n<p>Die Wolfsmilcharten sind alle giftig. Wenn man den St\u00e4ngel abrei\u00dft, tritt sofort ein wei\u00dfer Milchsaft aus. Der Milchsaft und die Anwendung, das vergiften von W\u00f6lfen, haben der Pflanze den Namen gegeben.<\/p>\n\n\n\n<p>Hier handelt es sich um die <strong>Zypressen-Wolfsmilch.<\/strong><\/p>\n\n\n\n<p>Als der Wolf noch ein Nahrungskonkurrent der Menschen war, weil er Schafe usw. riss, legte man K\u00f6der mit Schlachtabf\u00e4llen aus und stopfte sie mit der Pflanze voll. Der Wolf nahm den K\u00f6der auf und verendete.<\/p>\n\n\n\n<p>Der Wolf und sein Einfluss auf Mensch und Haustier wird ja aktuell wieder kontrovers diskutiert.<\/p>\n\n\n\n<p>.<\/p>\n\n\n\n<p>.<\/p>\n\n\n\n<p>.<\/p>\n\n\n\n<p>.<\/p>\n\n\n<div class=\"wp-block-image\">\n<figure class=\"alignleft size-large is-resized\"><img loading=\"lazy\" decoding=\"async\" width=\"768\" height=\"1024\" src=\"https:\/\/www.albverein-bergatreute.de\/ortsgruppe\/wp-content\/uploads\/sites\/5\/2026\/04\/IMG_5592-768x1024.jpeg\" alt=\"\" class=\"wp-image-26182\" style=\"width:500px\" srcset=\"https:\/\/www.albverein-bergatreute.de\/ortsgruppe\/wp-content\/uploads\/sites\/5\/2026\/04\/IMG_5592-768x1024.jpeg 768w, https:\/\/www.albverein-bergatreute.de\/ortsgruppe\/wp-content\/uploads\/sites\/5\/2026\/04\/IMG_5592-225x300.jpeg 225w, https:\/\/www.albverein-bergatreute.de\/ortsgruppe\/wp-content\/uploads\/sites\/5\/2026\/04\/IMG_5592-1152x1536.jpeg 1152w, https:\/\/www.albverein-bergatreute.de\/ortsgruppe\/wp-content\/uploads\/sites\/5\/2026\/04\/IMG_5592.jpeg 1536w\" sizes=\"auto, (max-width: 768px) 100vw, 768px\" \/><figcaption class=\"wp-element-caption\">Zypressen-Wolfsmilch <em>Euphorbia cyparissias<\/em><\/figcaption><\/figure><\/div>\n\n\n<p><strong>Zypressen-Wolfsmilch<\/strong><\/p>\n\n\n\n<p>.<\/p>\n\n\n\n<p>.<\/p>\n\n\n\n<p>.<\/p>\n\n\n\n<p>.<\/p>\n\n\n\n<p>.<\/p>\n\n\n\n<p>.<\/p>\n\n\n\n<p>.<\/p>\n\n\n\n<p>.<\/p>\n\n\n\n<p>.<\/p>\n\n\n\n<p>.<\/p>\n\n\n\n<p>.<\/p>\n\n\n\n<p>.<\/p>\n\n\n<div class=\"wp-block-image\">\n<figure class=\"alignleft size-large is-resized\"><img loading=\"lazy\" decoding=\"async\" width=\"768\" height=\"1024\" src=\"https:\/\/www.albverein-bergatreute.de\/ortsgruppe\/wp-content\/uploads\/sites\/5\/2026\/04\/IMG_5604-768x1024.jpeg\" alt=\"\" class=\"wp-image-26184\" style=\"width:500px\" srcset=\"https:\/\/www.albverein-bergatreute.de\/ortsgruppe\/wp-content\/uploads\/sites\/5\/2026\/04\/IMG_5604-768x1024.jpeg 768w, https:\/\/www.albverein-bergatreute.de\/ortsgruppe\/wp-content\/uploads\/sites\/5\/2026\/04\/IMG_5604-225x300.jpeg 225w, https:\/\/www.albverein-bergatreute.de\/ortsgruppe\/wp-content\/uploads\/sites\/5\/2026\/04\/IMG_5604-1152x1536.jpeg 1152w, https:\/\/www.albverein-bergatreute.de\/ortsgruppe\/wp-content\/uploads\/sites\/5\/2026\/04\/IMG_5604.jpeg 1536w\" sizes=\"auto, (max-width: 768px) 100vw, 768px\" \/><\/figure><\/div>\n\n\n<p>Ja gut, er hei\u00dft <strong>Wald-Sauerklee!<\/strong><\/p>\n\n\n\n<p>Ich nenne ihn trotzdem, wie schon seit Kindesbeinen an <strong>Hasenklee.<\/strong> Die hellgr\u00fcnen dreibl\u00e4ttrigen Bl\u00e4tter schmecken herrlich s\u00e4uerlich. Man muss davon kosten, wenn man ihn sieht. Ich hab noch nie ein vierbl\u00e4ttriges gesehen.<\/p>\n\n\n\n<p>Der saure Geschmack kommt von der enthaltenen Oxals\u00e4ure. Die ist jetzt nicht so sehr gesund, ist aber nur in kleinen Mengen enthalten.<\/p>\n\n\n\n<p>In Rhabarber ist viel mehr enthalten, und den isst man in einem sch\u00f6nen Rhabarberkuchen ja in viel gr\u00f6\u00dferen Mengen. Auch in Schokolade ist Oxals\u00e4ure drin.<\/p>\n\n\n\n<p>.<\/p>\n\n\n\n<p>.<\/p>\n\n\n\n<p><\/p>\n\n\n<div class=\"wp-block-image\">\n<figure class=\"alignleft is-resized\"><img loading=\"lazy\" decoding=\"async\" width=\"768\" height=\"1024\" src=\"https:\/\/www.albverein-bergatreute.de\/ortsgruppe\/wp-content\/uploads\/sites\/5\/2023\/04\/IMG_2446-768x1024.jpeg\" alt=\"\" class=\"wp-image-25125\" style=\"width:500px\" srcset=\"https:\/\/www.albverein-bergatreute.de\/ortsgruppe\/wp-content\/uploads\/sites\/5\/2023\/04\/IMG_2446-768x1024.jpeg 768w, https:\/\/www.albverein-bergatreute.de\/ortsgruppe\/wp-content\/uploads\/sites\/5\/2023\/04\/IMG_2446-225x300.jpeg 225w, https:\/\/www.albverein-bergatreute.de\/ortsgruppe\/wp-content\/uploads\/sites\/5\/2023\/04\/IMG_2446-1152x1536.jpeg 1152w, https:\/\/www.albverein-bergatreute.de\/ortsgruppe\/wp-content\/uploads\/sites\/5\/2023\/04\/IMG_2446.jpeg 1536w\" sizes=\"auto, (max-width: 768px) 100vw, 768px\" \/><figcaption class=\"wp-element-caption\">Wald-Sauerklee <em>Oxalis acetosella<\/em> <\/figcaption><\/figure><\/div>\n\n\n<p>Beim genauen Hinsehen sieht man die feinen Linien in den Bl\u00fctenbl\u00e4ttern, die so typisch sind.<\/p>\n\n\n\n<p>Man kann den Hasenklee mit nichts verwechseln und er ist auch nicht gesch\u00fctzt.<\/p>\n\n\n\n<p>Also! Bei der n\u00e4chsten Begegnung unbedingt kosten.<\/p>\n\n\n\n<p>Er ist \u00fcbrigens mit dem Klee auf den Wiesen in keiner Weise verwandt.<\/p>\n\n\n\n<p>.<\/p>\n\n\n\n<p>.<\/p>\n\n\n\n<p>.<\/p>\n\n\n\n<p>.<\/p>\n\n\n\n<p>.<\/p>\n\n\n\n<p>.<\/p>\n\n\n<div class=\"wp-block-image\">\n<figure class=\"alignleft size-large is-resized\"><img loading=\"lazy\" decoding=\"async\" width=\"768\" height=\"1024\" src=\"https:\/\/www.albverein-bergatreute.de\/ortsgruppe\/wp-content\/uploads\/sites\/5\/2026\/04\/IMG_5609-768x1024.jpeg\" alt=\"\" class=\"wp-image-26185\" style=\"width:500px\" srcset=\"https:\/\/www.albverein-bergatreute.de\/ortsgruppe\/wp-content\/uploads\/sites\/5\/2026\/04\/IMG_5609-768x1024.jpeg 768w, https:\/\/www.albverein-bergatreute.de\/ortsgruppe\/wp-content\/uploads\/sites\/5\/2026\/04\/IMG_5609-225x300.jpeg 225w, https:\/\/www.albverein-bergatreute.de\/ortsgruppe\/wp-content\/uploads\/sites\/5\/2026\/04\/IMG_5609-1152x1536.jpeg 1152w, https:\/\/www.albverein-bergatreute.de\/ortsgruppe\/wp-content\/uploads\/sites\/5\/2026\/04\/IMG_5609.jpeg 1536w\" sizes=\"auto, (max-width: 768px) 100vw, 768px\" \/><\/figure><\/div>\n\n\n<p>Sie werden sich wundern, das hier eine solche Banalit\u00e4t wie der L\u00f6wenzahn besprochen wird.<\/p>\n\n\n\n<p>Den kennt doch nun wirklich jeder.<\/p>\n\n\n\n<p>Ich hab bewusst kein Prachtexemplar fotografiert, sondern eines, das eben so aussieht, wie ein L\u00f6wenzahn eben aussieht.<\/p>\n\n\n\n<p>Er geh\u00f6rt zur gro\u00dfen Familie der Korbbl\u00fctler. Alle Teile sind essbar. Zumindest die oberirdischen. Die Wurzel, die locker einen ganzen Meter tief in die Erda ragen kann, hab ich noch nicht gekostet.<\/p>\n\n\n\n<p>.<\/p>\n\n\n\n<p>.<\/p>\n\n\n\n<p>.<\/p>\n\n\n\n<p><\/p>\n\n\n<div class=\"wp-block-image\">\n<figure class=\"alignleft size-large is-resized\"><img loading=\"lazy\" decoding=\"async\" width=\"768\" height=\"1024\" src=\"https:\/\/www.albverein-bergatreute.de\/ortsgruppe\/wp-content\/uploads\/sites\/5\/2026\/04\/IMG_5610-768x1024.jpeg\" alt=\"\" class=\"wp-image-26186\" style=\"width:500px\" srcset=\"https:\/\/www.albverein-bergatreute.de\/ortsgruppe\/wp-content\/uploads\/sites\/5\/2026\/04\/IMG_5610-768x1024.jpeg 768w, https:\/\/www.albverein-bergatreute.de\/ortsgruppe\/wp-content\/uploads\/sites\/5\/2026\/04\/IMG_5610-225x300.jpeg 225w, https:\/\/www.albverein-bergatreute.de\/ortsgruppe\/wp-content\/uploads\/sites\/5\/2026\/04\/IMG_5610-1152x1536.jpeg 1152w, https:\/\/www.albverein-bergatreute.de\/ortsgruppe\/wp-content\/uploads\/sites\/5\/2026\/04\/IMG_5610.jpeg 1536w\" sizes=\"auto, (max-width: 768px) 100vw, 768px\" \/><figcaption class=\"wp-element-caption\">L\u00f6wenzahn <em>Taraxacum officinale<\/em><\/figcaption><\/figure><\/div>\n\n\n<p>Die Korbbl\u00fcte ist eigentlich nicht eine Bl\u00fcte, sondern sie besteht aus bis zu 300 Einzelbl\u00fcte. Jede Einzelbl\u00fcte ist komplett best\u00fcckt mit Griffel und Narbe und Staubbeutel.<\/p>\n\n\n\n<p>Die Bienen haben bei der  L\u00f6wenzahnbl\u00fcte alle Beine voll zu tun. Ein gro\u00dfer Teil des Bl\u00fctenhonigs wird aus dem Nektar des L\u00f6wenzahns gewonnen.<\/p>\n\n\n\n<p>Auf Schw\u00e4bisch hei\u00dft der L\u00f6wenzahn hierzulande Grotteblum. In manchen Gegenden auch Betts\u00e4ucher oder Butterblum.<\/p>\n\n\n\n<p>Allgemein wird er auch Kuhblume genannt.<\/p>\n\n\n\n<p>.<\/p>\n\n\n\n<p>.<\/p>\n\n\n\n<p>.<\/p>\n\n\n\n<p>Das war\u00b4s f\u00fcr heute. Wer mehr erfahren will, am <strong>17. Mai ist Bl\u00fcmleswanderung<\/strong><\/p>\n\n\n\n<p>F\u00fcr Fragen und Anregungen ist die Kommentarfunktion freigeschaltet.<br>Damit Sie sich nicht wundern. Wenn Sie einen Kommentar verfassen, dauert es ein Weilchen, bis er sichtbar wird. Er muss erst freigegeben werden.<\/p>\n","protected":false},"excerpt":{"rendered":"<p>Etwas sp\u00e4t dieses Jahr finde ich Zeit, den ersten kleinen Bericht zu schreiben. Der Blog hei\u00dft heute nicht &#8222;neues aus\u00b4m Achtal&#8220;, weil der&hellip;<\/p>\n","protected":false},"author":3,"featured_media":0,"comment_status":"open","ping_status":"closed","sticky":false,"template":"","format":"standard","meta":{"ngg_post_thumbnail":0,"footnotes":""},"categories":[57,6],"tags":[],"class_list":["post-26177","post","type-post","status-publish","format-standard","hentry","category-in-der-natur-entdeckt","category-wanderberichte"],"_links":{"self":[{"href":"https:\/\/www.albverein-bergatreute.de\/ortsgruppe\/wp-json\/wp\/v2\/posts\/26177","targetHints":{"allow":["GET"]}}],"collection":[{"href":"https:\/\/www.albverein-bergatreute.de\/ortsgruppe\/wp-json\/wp\/v2\/posts"}],"about":[{"href":"https:\/\/www.albverein-bergatreute.de\/ortsgruppe\/wp-json\/wp\/v2\/types\/post"}],"author":[{"embeddable":true,"href":"https:\/\/www.albverein-bergatreute.de\/ortsgruppe\/wp-json\/wp\/v2\/users\/3"}],"replies":[{"embeddable":true,"href":"https:\/\/www.albverein-bergatreute.de\/ortsgruppe\/wp-json\/wp\/v2\/comments?post=26177"}],"version-history":[{"count":9,"href":"https:\/\/www.albverein-bergatreute.de\/ortsgruppe\/wp-json\/wp\/v2\/posts\/26177\/revisions"}],"predecessor-version":[{"id":26196,"href":"https:\/\/www.albverein-bergatreute.de\/ortsgruppe\/wp-json\/wp\/v2\/posts\/26177\/revisions\/26196"}],"wp:attachment":[{"href":"https:\/\/www.albverein-bergatreute.de\/ortsgruppe\/wp-json\/wp\/v2\/media?parent=26177"}],"wp:term":[{"taxonomy":"category","embeddable":true,"href":"https:\/\/www.albverein-bergatreute.de\/ortsgruppe\/wp-json\/wp\/v2\/categories?post=26177"},{"taxonomy":"post_tag","embeddable":true,"href":"https:\/\/www.albverein-bergatreute.de\/ortsgruppe\/wp-json\/wp\/v2\/tags?post=26177"}],"curies":[{"name":"wp","href":"https:\/\/api.w.org\/{rel}","templated":true}]}}