{"id":283,"date":"2013-04-25T17:08:49","date_gmt":"2013-04-25T15:08:49","guid":{"rendered":"http:\/\/www.albverein-bergatreute.de\/ortsgruppe\/?p=283"},"modified":"2013-05-02T12:01:54","modified_gmt":"2013-05-02T10:01:54","slug":"maientour-durch-das-schmalegger-tobel","status":"publish","type":"post","link":"https:\/\/www.albverein-bergatreute.de\/ortsgruppe\/2013\/04\/25\/maientour-durch-das-schmalegger-tobel\/","title":{"rendered":"Maientour durch das Schmalegger Tobel"},"content":{"rendered":"<p>Wir laden Sie dieses Jahr zur Maientour in das Naturschutzgebiet Schmalegger- und Rinkenburger Tobel zu einer sch\u00f6nen Wanderung ein.<!--more--><br \/>\nDie Tobellandschaft entstand vor rund 12 000 Jahren, und ist heute ein beliebtes Wanderziel durch die romantische und abwechslungsreiche Natur<br \/>\nmit Fl\u00fcssen und Bannwald.<br \/>\nStart unserer Wanderung ist der Parkplatz bei der Adelm\u00fchle. Entlang das Feuertobelbaches und dem Waldschutzgebiet geht es auf sch\u00f6nen Waldwegen bis zur Burgm\u00fchle.<br \/>\nNach einem kurzen, steilen Anstieg kommen wir zum Schlo\u00dfb\u00fcchl, der ehemaligen Burg Schmalegg. Dort legen wir eine Rast ein.<br \/>\nWeiter geht es durch Schmalegg am J\u00e4gerhaus vorbei durch den Stadtwald und so schlie\u00dft sich die Runde wieder an der Adelm\u00fchle.<br \/>\nDie Wanderung ist leider nicht Kinderwagen geeignet.<br \/>\nWir bitten Sie, Vesper und gutes Schuhwerk mitzubringen.<br \/>\nTreffpunk am 1. Mai um 9:00 Uhr in Bergatreute an der Bushaltestelle beim Rathaus oder<br \/>\nCa. 9:30 Uhr am Parkplatz der Adelm\u00fchle.<br \/>\nReine Wanderzeit ca. 3 Stunden.<br \/>\nAbschlusseinkehr ist in der Landwirtschaft Bachmaier vorgesehen.<br \/>\nHerzliche Einladung an alle Naturinteressierte Wanderer.<br \/>\nInformationen unter A. und R. Kesenheimer Telefon 0751-53251<\/p>\n","protected":false},"excerpt":{"rendered":"<p>Wir laden Sie dieses Jahr zur Maientour in das Naturschutzgebiet Schmalegger- und Rinkenburger Tobel zu einer sch\u00f6nen Wanderung ein.<\/p>\n","protected":false},"author":4,"featured_media":0,"comment_status":"closed","ping_status":"closed","sticky":false,"template":"","format":"standard","meta":{"ngg_post_thumbnail":0,"footnotes":""},"categories":[1],"tags":[],"class_list":["post-283","post","type-post","status-publish","format-standard","hentry","category-allgemein"],"_links":{"self":[{"href":"https:\/\/www.albverein-bergatreute.de\/ortsgruppe\/wp-json\/wp\/v2\/posts\/283","targetHints":{"allow":["GET"]}}],"collection":[{"href":"https:\/\/www.albverein-bergatreute.de\/ortsgruppe\/wp-json\/wp\/v2\/posts"}],"about":[{"href":"https:\/\/www.albverein-bergatreute.de\/ortsgruppe\/wp-json\/wp\/v2\/types\/post"}],"author":[{"embeddable":true,"href":"https:\/\/www.albverein-bergatreute.de\/ortsgruppe\/wp-json\/wp\/v2\/users\/4"}],"replies":[{"embeddable":true,"href":"https:\/\/www.albverein-bergatreute.de\/ortsgruppe\/wp-json\/wp\/v2\/comments?post=283"}],"version-history":[{"count":2,"href":"https:\/\/www.albverein-bergatreute.de\/ortsgruppe\/wp-json\/wp\/v2\/posts\/283\/revisions"}],"predecessor-version":[{"id":286,"href":"https:\/\/www.albverein-bergatreute.de\/ortsgruppe\/wp-json\/wp\/v2\/posts\/283\/revisions\/286"}],"wp:attachment":[{"href":"https:\/\/www.albverein-bergatreute.de\/ortsgruppe\/wp-json\/wp\/v2\/media?parent=283"}],"wp:term":[{"taxonomy":"category","embeddable":true,"href":"https:\/\/www.albverein-bergatreute.de\/ortsgruppe\/wp-json\/wp\/v2\/categories?post=283"},{"taxonomy":"post_tag","embeddable":true,"href":"https:\/\/www.albverein-bergatreute.de\/ortsgruppe\/wp-json\/wp\/v2\/tags?post=283"}],"curies":[{"name":"wp","href":"https:\/\/api.w.org\/{rel}","templated":true}]}}