{"id":314,"date":"2013-06-10T21:35:40","date_gmt":"2013-06-10T19:35:40","guid":{"rendered":"http:\/\/www.albverein-bergatreute.de\/ortsgruppe\/?p=314"},"modified":"2013-07-05T23:04:55","modified_gmt":"2013-07-05T21:04:55","slug":"wanderung-zum-steinlabyrinth-beim-rohrsee","status":"publish","type":"post","link":"https:\/\/www.albverein-bergatreute.de\/ortsgruppe\/2013\/06\/10\/wanderung-zum-steinlabyrinth-beim-rohrsee\/","title":{"rendered":"Wanderung zum Steinlabyrinth beim Rohrsee"},"content":{"rendered":"<p>&nbsp;<\/p>\n<p>Am Sonntag, 16. Juni bieten wir<a href=\"http:\/\/www.albverein-bergatreute.de\/ortsgruppe\/wp-content\/uploads\/sites\/5\/2013\/06\/Labyrinth.jpg\"><img loading=\"lazy\" decoding=\"async\" class=\"size-medium wp-image-315 alignright\" alt=\"Labyrinth\" src=\"http:\/\/www.albverein-bergatreute.de\/ortsgruppe\/wp-content\/uploads\/sites\/5\/2013\/06\/Labyrinth-300x283.jpg\" width=\"300\" height=\"283\" \/><\/a> eine Wanderung beim Rohrsee mit Besichtigung des Steinlabyrinths an. <!--more-->Versteckt im Wald wurde von flei\u00dfiger Frauenhand ein imposanter, begehbarer Irrgarten geschaffen. Von dort f\u00fchrt die Tour wieder zur\u00fcck zum Ausgangspunkt der Wanderung nach Molpertshaus.<\/p>\n<p>Die Runde dauert ca. 2,5 Std.<\/p>\n<p>Treffpunkt ist um 13:00 Uhr, Ortsmitte Bergatreute.<\/p>\n<p>Es werden Fahrgemeinschaften gebildet. Nach der Wanderung ist eine gemeinsame Einkehr geplant. Die Wanderf\u00fchrer Armin Wei\u00df und Klaus K\u00fcble freuen sich auf rege Beteiligung.<\/p>\n<p>&nbsp;<\/p>\n<p>&nbsp;<\/p>\n","protected":false},"excerpt":{"rendered":"<p>&nbsp; Am Sonntag, 16. Juni bieten wir eine Wanderung beim Rohrsee mit Besichtigung des Steinlabyrinths an.<\/p>\n","protected":false},"author":3,"featured_media":0,"comment_status":"closed","ping_status":"closed","sticky":false,"template":"","format":"standard","meta":{"ngg_post_thumbnail":0,"footnotes":""},"categories":[1],"tags":[],"class_list":["post-314","post","type-post","status-publish","format-standard","hentry","category-allgemein"],"_links":{"self":[{"href":"https:\/\/www.albverein-bergatreute.de\/ortsgruppe\/wp-json\/wp\/v2\/posts\/314","targetHints":{"allow":["GET"]}}],"collection":[{"href":"https:\/\/www.albverein-bergatreute.de\/ortsgruppe\/wp-json\/wp\/v2\/posts"}],"about":[{"href":"https:\/\/www.albverein-bergatreute.de\/ortsgruppe\/wp-json\/wp\/v2\/types\/post"}],"author":[{"embeddable":true,"href":"https:\/\/www.albverein-bergatreute.de\/ortsgruppe\/wp-json\/wp\/v2\/users\/3"}],"replies":[{"embeddable":true,"href":"https:\/\/www.albverein-bergatreute.de\/ortsgruppe\/wp-json\/wp\/v2\/comments?post=314"}],"version-history":[{"count":2,"href":"https:\/\/www.albverein-bergatreute.de\/ortsgruppe\/wp-json\/wp\/v2\/posts\/314\/revisions"}],"predecessor-version":[{"id":323,"href":"https:\/\/www.albverein-bergatreute.de\/ortsgruppe\/wp-json\/wp\/v2\/posts\/314\/revisions\/323"}],"wp:attachment":[{"href":"https:\/\/www.albverein-bergatreute.de\/ortsgruppe\/wp-json\/wp\/v2\/media?parent=314"}],"wp:term":[{"taxonomy":"category","embeddable":true,"href":"https:\/\/www.albverein-bergatreute.de\/ortsgruppe\/wp-json\/wp\/v2\/categories?post=314"},{"taxonomy":"post_tag","embeddable":true,"href":"https:\/\/www.albverein-bergatreute.de\/ortsgruppe\/wp-json\/wp\/v2\/tags?post=314"}],"curies":[{"name":"wp","href":"https:\/\/api.w.org\/{rel}","templated":true}]}}