{"id":4988,"date":"2014-11-25T00:01:22","date_gmt":"2014-11-24T22:01:22","guid":{"rendered":"http:\/\/www.albverein-bergatreute.de\/ortsgruppe\/?p=4988"},"modified":"2015-04-20T08:11:15","modified_gmt":"2015-04-20T06:11:15","slug":"bericht-naturkundliche-wanderung-18-mai-2014","status":"publish","type":"post","link":"https:\/\/www.albverein-bergatreute.de\/ortsgruppe\/2014\/11\/25\/bericht-naturkundliche-wanderung-18-mai-2014\/","title":{"rendered":"Bericht Naturkundliche Wanderung, 18. Mai 2014"},"content":{"rendered":"<p><a href=\"http:\/\/www.albverein-bergatreute.de\/ortsgruppe\/wp-content\/uploads\/sites\/5\/2014\/11\/2014-05-18-12-24-10-_031_O_.jpg\"><img loading=\"lazy\" decoding=\"async\" class=\"alignright wp-image-4989 size-medium\" src=\"http:\/\/www.albverein-bergatreute.de\/ortsgruppe\/wp-content\/uploads\/sites\/5\/2014\/11\/2014-05-18-12-24-10-_031_O_-300x199.jpg\" alt=\"2014-05-18 12-24-10 _031_O_\" width=\"300\" height=\"199\" srcset=\"https:\/\/www.albverein-bergatreute.de\/ortsgruppe\/wp-content\/uploads\/sites\/5\/2014\/11\/2014-05-18-12-24-10-_031_O_-300x199.jpg 300w, https:\/\/www.albverein-bergatreute.de\/ortsgruppe\/wp-content\/uploads\/sites\/5\/2014\/11\/2014-05-18-12-24-10-_031_O_-1024x682.jpg 1024w\" sizes=\"auto, (max-width: 300px) 100vw, 300px\" \/><\/a><!--more-->Nachdem in den vergangenen Jahren das Gebiet um Giras\u00a0 und\u00a0 Wei\u00dfenbronnen, und im letzten Jahr der Wald bei Bolanden\u00a0 inspiziert wurden, f\u00fchrte Klaus K\u00fcble heuer eine illustre Schar interessierter \u00a0Wanderer ins Witschwender Achtal . Von Bergatreute aus ging man die Waldgasse hinaus in Richtung Siegenwieden, dann links haltend ins Achtal hinein und die Witschwender Steige hinauf zur\u00fcck nach Bergatreute. Es gab so viele Dinge zu betrachten, so viele B\u00e4ume, <a href=\"http:\/\/www.albverein-bergatreute.de\/ortsgruppe\/wp-content\/uploads\/sites\/5\/2014\/11\/2014-05-18-13-22-51-_060_O_.jpg\"><img loading=\"lazy\" decoding=\"async\" class=\"alignright wp-image-4994 size-medium\" src=\"http:\/\/www.albverein-bergatreute.de\/ortsgruppe\/wp-content\/uploads\/sites\/5\/2014\/11\/2014-05-18-13-22-51-_060_O_-300x199.jpg\" alt=\"2014-05-18 13-22-51 _060_O_\" width=\"300\" height=\"199\" srcset=\"https:\/\/www.albverein-bergatreute.de\/ortsgruppe\/wp-content\/uploads\/sites\/5\/2014\/11\/2014-05-18-13-22-51-_060_O_-300x199.jpg 300w, https:\/\/www.albverein-bergatreute.de\/ortsgruppe\/wp-content\/uploads\/sites\/5\/2014\/11\/2014-05-18-13-22-51-_060_O_-1024x682.jpg 1024w\" sizes=\"auto, (max-width: 300px) 100vw, 300px\" \/><\/a>B\u00fcsche und Blumen wurden besprochen, dass manch Wanderer wohl dachte: \u201eDer findet au noch jedem Meter was zum aluege!\u201c\u00a0 Nur einmal wurde der sonst viel erkl\u00e4rende und erz\u00e4hlende Wanderf\u00fchrer still! Er dachte kurz, die Purpurknabenkr\u00e4uter seien verschwunden! \u201eDie waren doch gestern noch da!\u201c Aber nach dem man wenige Schritte weiter gegangen war, standen sie in voller Pracht da! Insgesamt ist es der Gruppe gelungen, den Weg, der sonst eine gute Stunde dauert, in sage und schreibe 3 Stunden und 15 Minuten zur\u00fcckzulegen! Da hatte man sich die Einkehr im Adler redlich verdient!<\/p>\n<p>&nbsp;<\/p>\n<p>Mehr Bilder gibt&#8217;s <a href=\"http:\/\/www.albverein-bergatreute.de\/ortsgruppe\/galerie\/2014_05_18-naturkundliche-wanderung\/\">hier<\/a><\/p>\n<p><a href=\"http:\/\/www.albverein-bergatreute.de\/ortsgruppe\/wp-content\/uploads\/sites\/5\/2014\/11\/2014-05-18-12-40-40-_041_O_.jpg\"><img loading=\"lazy\" decoding=\"async\" class=\"alignleft wp-image-4990 size-medium\" src=\"http:\/\/www.albverein-bergatreute.de\/ortsgruppe\/wp-content\/uploads\/sites\/5\/2014\/11\/2014-05-18-12-40-40-_041_O_-300x199.jpg\" alt=\"2014-05-18 12-40-40 _041_O_\" width=\"300\" height=\"199\" srcset=\"https:\/\/www.albverein-bergatreute.de\/ortsgruppe\/wp-content\/uploads\/sites\/5\/2014\/11\/2014-05-18-12-40-40-_041_O_-300x199.jpg 300w, https:\/\/www.albverein-bergatreute.de\/ortsgruppe\/wp-content\/uploads\/sites\/5\/2014\/11\/2014-05-18-12-40-40-_041_O_-1024x682.jpg 1024w\" sizes=\"auto, (max-width: 300px) 100vw, 300px\" \/><\/a><a href=\"http:\/\/www.albverein-bergatreute.de\/ortsgruppe\/wp-content\/uploads\/sites\/5\/2014\/11\/2014-05-18-13-18-22-_055_O_.jpg\"><img loading=\"lazy\" decoding=\"async\" class=\"alignnone size-medium wp-image-4993\" src=\"http:\/\/www.albverein-bergatreute.de\/ortsgruppe\/wp-content\/uploads\/sites\/5\/2014\/11\/2014-05-18-13-18-22-_055_O_-199x300.jpg\" alt=\"2014-05-18 13-18-22 _055_O_\" width=\"199\" height=\"300\" srcset=\"https:\/\/www.albverein-bergatreute.de\/ortsgruppe\/wp-content\/uploads\/sites\/5\/2014\/11\/2014-05-18-13-18-22-_055_O_-199x300.jpg 199w, https:\/\/www.albverein-bergatreute.de\/ortsgruppe\/wp-content\/uploads\/sites\/5\/2014\/11\/2014-05-18-13-18-22-_055_O_-682x1024.jpg 682w, https:\/\/www.albverein-bergatreute.de\/ortsgruppe\/wp-content\/uploads\/sites\/5\/2014\/11\/2014-05-18-13-18-22-_055_O_.jpg 1382w\" sizes=\"auto, (max-width: 199px) 100vw, 199px\" \/><\/a><\/p>\n","protected":false},"excerpt":{"rendered":"","protected":false},"author":3,"featured_media":0,"comment_status":"closed","ping_status":"closed","sticky":false,"template":"","format":"standard","meta":{"ngg_post_thumbnail":0,"footnotes":""},"categories":[6],"tags":[],"class_list":["post-4988","post","type-post","status-publish","format-standard","hentry","category-wanderberichte"],"_links":{"self":[{"href":"https:\/\/www.albverein-bergatreute.de\/ortsgruppe\/wp-json\/wp\/v2\/posts\/4988","targetHints":{"allow":["GET"]}}],"collection":[{"href":"https:\/\/www.albverein-bergatreute.de\/ortsgruppe\/wp-json\/wp\/v2\/posts"}],"about":[{"href":"https:\/\/www.albverein-bergatreute.de\/ortsgruppe\/wp-json\/wp\/v2\/types\/post"}],"author":[{"embeddable":true,"href":"https:\/\/www.albverein-bergatreute.de\/ortsgruppe\/wp-json\/wp\/v2\/users\/3"}],"replies":[{"embeddable":true,"href":"https:\/\/www.albverein-bergatreute.de\/ortsgruppe\/wp-json\/wp\/v2\/comments?post=4988"}],"version-history":[{"count":11,"href":"https:\/\/www.albverein-bergatreute.de\/ortsgruppe\/wp-json\/wp\/v2\/posts\/4988\/revisions"}],"predecessor-version":[{"id":6580,"href":"https:\/\/www.albverein-bergatreute.de\/ortsgruppe\/wp-json\/wp\/v2\/posts\/4988\/revisions\/6580"}],"wp:attachment":[{"href":"https:\/\/www.albverein-bergatreute.de\/ortsgruppe\/wp-json\/wp\/v2\/media?parent=4988"}],"wp:term":[{"taxonomy":"category","embeddable":true,"href":"https:\/\/www.albverein-bergatreute.de\/ortsgruppe\/wp-json\/wp\/v2\/categories?post=4988"},{"taxonomy":"post_tag","embeddable":true,"href":"https:\/\/www.albverein-bergatreute.de\/ortsgruppe\/wp-json\/wp\/v2\/tags?post=4988"}],"curies":[{"name":"wp","href":"https:\/\/api.w.org\/{rel}","templated":true}]}}