{"id":5641,"date":"2014-12-07T17:15:28","date_gmt":"2014-12-07T15:15:28","guid":{"rendered":"http:\/\/www.albverein-bergatreute.de\/ortsgruppe\/?p=5641"},"modified":"2014-12-17T22:38:56","modified_gmt":"2014-12-17T20:38:56","slug":"berg-auf-berg-ab","status":"publish","type":"post","link":"https:\/\/www.albverein-bergatreute.de\/ortsgruppe\/2014\/12\/07\/berg-auf-berg-ab\/","title":{"rendered":"Berg auf, Berg ab"},"content":{"rendered":"<p>Zu unserer Jahresabschusswanderung, am Sonntag<br \/>\n14. Dezember 2014 l\u00e4dt der Vorstand nach Berg ein.<!--more--><\/p>\n<p>Wir wandern eine Runde in und um Berg.<br \/>\n\u00dcber das Schussental geht es hinauf auf die Berger H\u00f6he mit Einkehr im Gasthaus Hasen, und wieder zur\u00fcck.<br \/>\nStart der Winterwanderung ist bei Fam. Kesenheimer.<\/p>\n<p>Treffpunkt in Bergatreute und Bad Waldsee mit Fahrgemeinschaften ist um 14:00 Uhr.<br \/>\nTreffpunkt in Berg um 14:30 Uhr. R\u00fcckkehr 19:00 Uhr.<\/p>\n<p>Anne und Rolf Kesenheimer freuen sich auf euch.<br \/>\nF\u00fcr R\u00fcckfragen, Telefon 0751-53251<\/p>\n","protected":false},"excerpt":{"rendered":"<p>Zu unserer Jahresabschusswanderung, am Sonntag 14. Dezember 2014 l\u00e4dt der Vorstand nach Berg ein.<\/p>\n","protected":false},"author":4,"featured_media":0,"comment_status":"closed","ping_status":"closed","sticky":false,"template":"","format":"standard","meta":{"ngg_post_thumbnail":0,"footnotes":""},"categories":[1],"tags":[],"class_list":["post-5641","post","type-post","status-publish","format-standard","hentry","category-allgemein"],"_links":{"self":[{"href":"https:\/\/www.albverein-bergatreute.de\/ortsgruppe\/wp-json\/wp\/v2\/posts\/5641","targetHints":{"allow":["GET"]}}],"collection":[{"href":"https:\/\/www.albverein-bergatreute.de\/ortsgruppe\/wp-json\/wp\/v2\/posts"}],"about":[{"href":"https:\/\/www.albverein-bergatreute.de\/ortsgruppe\/wp-json\/wp\/v2\/types\/post"}],"author":[{"embeddable":true,"href":"https:\/\/www.albverein-bergatreute.de\/ortsgruppe\/wp-json\/wp\/v2\/users\/4"}],"replies":[{"embeddable":true,"href":"https:\/\/www.albverein-bergatreute.de\/ortsgruppe\/wp-json\/wp\/v2\/comments?post=5641"}],"version-history":[{"count":2,"href":"https:\/\/www.albverein-bergatreute.de\/ortsgruppe\/wp-json\/wp\/v2\/posts\/5641\/revisions"}],"predecessor-version":[{"id":6030,"href":"https:\/\/www.albverein-bergatreute.de\/ortsgruppe\/wp-json\/wp\/v2\/posts\/5641\/revisions\/6030"}],"wp:attachment":[{"href":"https:\/\/www.albverein-bergatreute.de\/ortsgruppe\/wp-json\/wp\/v2\/media?parent=5641"}],"wp:term":[{"taxonomy":"category","embeddable":true,"href":"https:\/\/www.albverein-bergatreute.de\/ortsgruppe\/wp-json\/wp\/v2\/categories?post=5641"},{"taxonomy":"post_tag","embeddable":true,"href":"https:\/\/www.albverein-bergatreute.de\/ortsgruppe\/wp-json\/wp\/v2\/tags?post=5641"}],"curies":[{"name":"wp","href":"https:\/\/api.w.org\/{rel}","templated":true}]}}