{"id":6087,"date":"2015-01-08T22:39:47","date_gmt":"2015-01-08T20:39:47","guid":{"rendered":"http:\/\/www.albverein-bergatreute.de\/ortsgruppe\/?p=6087"},"modified":"2015-01-18T22:01:23","modified_gmt":"2015-01-18T20:01:23","slug":"springerleswanderung-am-sonntag-den-11-januar-2015","status":"publish","type":"post","link":"https:\/\/www.albverein-bergatreute.de\/ortsgruppe\/2015\/01\/08\/springerleswanderung-am-sonntag-den-11-januar-2015\/","title":{"rendered":"Springerleswanderung  am Sonntag, 11. Januar 2015"},"content":{"rendered":"<p>Wir starten traditionell das Wanderjahr 2015 mit der Springerleswanderung in die Sprengsteinh\u00fctte.<!--more--> Rudi K\u00fcble und Team laden Sie zur Wanderung in den Bergatreuter Forst und zur anschlie\u00dfenden St\u00e4rkung in die H\u00fctte recht herzlich ein.<br \/>\nWarme und kalte Getr\u00e4nke stehen zur Verf\u00fcgung. Springerle k\u00f6nnen mitgebracht werden.<br \/>\nTreffpunkt ist um 13 Uhr an der Bushaltestelle beim Rathaus.<br \/>\nWanderung wird je nach Weg und Witterungsverh\u00e4ltnissen ausgedehnt oder abgek\u00fcrzt.<br \/>\nG\u00e4ste sind herzlich willkommen.<\/p>\n","protected":false},"excerpt":{"rendered":"<p>Wir starten traditionell das Wanderjahr 2015 mit der Springerleswanderung in die Sprengsteinh\u00fctte.<\/p>\n","protected":false},"author":4,"featured_media":0,"comment_status":"closed","ping_status":"closed","sticky":false,"template":"","format":"standard","meta":{"ngg_post_thumbnail":0,"footnotes":""},"categories":[1],"tags":[],"class_list":["post-6087","post","type-post","status-publish","format-standard","hentry","category-allgemein"],"_links":{"self":[{"href":"https:\/\/www.albverein-bergatreute.de\/ortsgruppe\/wp-json\/wp\/v2\/posts\/6087","targetHints":{"allow":["GET"]}}],"collection":[{"href":"https:\/\/www.albverein-bergatreute.de\/ortsgruppe\/wp-json\/wp\/v2\/posts"}],"about":[{"href":"https:\/\/www.albverein-bergatreute.de\/ortsgruppe\/wp-json\/wp\/v2\/types\/post"}],"author":[{"embeddable":true,"href":"https:\/\/www.albverein-bergatreute.de\/ortsgruppe\/wp-json\/wp\/v2\/users\/4"}],"replies":[{"embeddable":true,"href":"https:\/\/www.albverein-bergatreute.de\/ortsgruppe\/wp-json\/wp\/v2\/comments?post=6087"}],"version-history":[{"count":3,"href":"https:\/\/www.albverein-bergatreute.de\/ortsgruppe\/wp-json\/wp\/v2\/posts\/6087\/revisions"}],"predecessor-version":[{"id":6224,"href":"https:\/\/www.albverein-bergatreute.de\/ortsgruppe\/wp-json\/wp\/v2\/posts\/6087\/revisions\/6224"}],"wp:attachment":[{"href":"https:\/\/www.albverein-bergatreute.de\/ortsgruppe\/wp-json\/wp\/v2\/media?parent=6087"}],"wp:term":[{"taxonomy":"category","embeddable":true,"href":"https:\/\/www.albverein-bergatreute.de\/ortsgruppe\/wp-json\/wp\/v2\/categories?post=6087"},{"taxonomy":"post_tag","embeddable":true,"href":"https:\/\/www.albverein-bergatreute.de\/ortsgruppe\/wp-json\/wp\/v2\/tags?post=6087"}],"curies":[{"name":"wp","href":"https:\/\/api.w.org\/{rel}","templated":true}]}}