{"id":6247,"date":"2015-01-25T12:14:25","date_gmt":"2015-01-25T10:14:25","guid":{"rendered":"http:\/\/www.albverein-bergatreute.de\/ortsgruppe\/?p=6247"},"modified":"2015-02-08T12:35:50","modified_gmt":"2015-02-08T10:35:50","slug":"fasnetswanderung-mit-dem-schwaebischen-albverein","status":"publish","type":"post","link":"https:\/\/www.albverein-bergatreute.de\/ortsgruppe\/2015\/01\/25\/fasnetswanderung-mit-dem-schwaebischen-albverein\/","title":{"rendered":"Fasnetswanderung  mit dem Schw\u00e4bischen Albverein"},"content":{"rendered":"<p>Zur traditionellen Fasnetswanderung am Sonntag, 1. Februar<br \/>\nl\u00e4dt der Schw\u00e4bische Albverein Bad Waldsee ein.<!--more--><br \/>\nTreffpunkt ist um 13.00 Uhr in Steinach am Riedparkplatz.<br \/>\nVon dort wandern wir je nach Wetterlage durch das Steinacher<br \/>\nRied. Auf geeignetes Schuhwerk ist unbedingt zu achten.<br \/>\nNach M\u00f6llenbronn geht es zur fr\u00f6hlichen Einkehr. Spa\u00df und gute<br \/>\nLaune sind mitzubringen, ebenso lustige Anekdoten, Witze und<br \/>\nsonstige Spr\u00fcche. Div. Gesangsversuche k\u00f6nnen unternommen<br \/>\nwerden. R\u00fcckkehr zum Riedparkplatz vor der Dunkelheit.<br \/>\nMitglieder und G\u00e4ste sind zum Mitwandern herzlich willkommen.<br \/>\nWeitere Infos bei Wanderf\u00fchrer Willi Schmid Tel. 07524 \/ 54 82<br \/>\nTreffpunkt in Bergatreute, Bushaltestelle beim Rathaus mit Fahrgemeinschaften um 12:45 Uhr.<br \/>\nWeitere Termine:<br \/>\nSa. 7. Februar 20\u00b0\u00b0 Jahreshauptversammlung im Sch\u00fctzenhaus Bergatreute<br \/>\nSo. 22. Februar Funkenwanderung und anschlie\u00dfendem Funkenringw\u00fcrfeln<\/p>\n","protected":false},"excerpt":{"rendered":"<p>Zur traditionellen Fasnetswanderung am Sonntag, 1. Februar l\u00e4dt der Schw\u00e4bische Albverein Bad Waldsee ein.<\/p>\n","protected":false},"author":4,"featured_media":0,"comment_status":"closed","ping_status":"closed","sticky":false,"template":"","format":"standard","meta":{"ngg_post_thumbnail":0,"footnotes":""},"categories":[1],"tags":[],"class_list":["post-6247","post","type-post","status-publish","format-standard","hentry","category-allgemein"],"_links":{"self":[{"href":"https:\/\/www.albverein-bergatreute.de\/ortsgruppe\/wp-json\/wp\/v2\/posts\/6247","targetHints":{"allow":["GET"]}}],"collection":[{"href":"https:\/\/www.albverein-bergatreute.de\/ortsgruppe\/wp-json\/wp\/v2\/posts"}],"about":[{"href":"https:\/\/www.albverein-bergatreute.de\/ortsgruppe\/wp-json\/wp\/v2\/types\/post"}],"author":[{"embeddable":true,"href":"https:\/\/www.albverein-bergatreute.de\/ortsgruppe\/wp-json\/wp\/v2\/users\/4"}],"replies":[{"embeddable":true,"href":"https:\/\/www.albverein-bergatreute.de\/ortsgruppe\/wp-json\/wp\/v2\/comments?post=6247"}],"version-history":[{"count":5,"href":"https:\/\/www.albverein-bergatreute.de\/ortsgruppe\/wp-json\/wp\/v2\/posts\/6247\/revisions"}],"predecessor-version":[{"id":6256,"href":"https:\/\/www.albverein-bergatreute.de\/ortsgruppe\/wp-json\/wp\/v2\/posts\/6247\/revisions\/6256"}],"wp:attachment":[{"href":"https:\/\/www.albverein-bergatreute.de\/ortsgruppe\/wp-json\/wp\/v2\/media?parent=6247"}],"wp:term":[{"taxonomy":"category","embeddable":true,"href":"https:\/\/www.albverein-bergatreute.de\/ortsgruppe\/wp-json\/wp\/v2\/categories?post=6247"},{"taxonomy":"post_tag","embeddable":true,"href":"https:\/\/www.albverein-bergatreute.de\/ortsgruppe\/wp-json\/wp\/v2\/tags?post=6247"}],"curies":[{"name":"wp","href":"https:\/\/api.w.org\/{rel}","templated":true}]}}