{"id":6252,"date":"2015-02-03T19:21:08","date_gmt":"2015-02-03T17:21:08","guid":{"rendered":"http:\/\/www.albverein-bergatreute.de\/ortsgruppe\/?p=6252"},"modified":"2015-02-08T14:12:56","modified_gmt":"2015-02-08T12:12:56","slug":"jahreshauptversammlung-am-07-februar-2015","status":"publish","type":"post","link":"https:\/\/www.albverein-bergatreute.de\/ortsgruppe\/2015\/02\/03\/jahreshauptversammlung-am-07-februar-2015\/","title":{"rendered":"Jahreshauptversammlung am 07. Februar 2015"},"content":{"rendered":"<p>Der Schw\u00e4bische Albverein Bergatreute h\u00e4lt am Samstag den 07.02.2015 um 20:00 Uhr im Sch\u00fctzenhaus Bergatreute seine Jahreshauptversammlung ab.<!--more--><br \/>\nZu den Berichten der Vorstandschaft und der Volkstanzgruppe stehen ausserdem Jahresberichte des Bad Waldseer Albvereins auf der Tagesordnung.<br \/>\nF\u00fcr 25 j\u00e4hrige und 40 j\u00e4hrige Mitgliedschaft sollen unsere Jubilare geehrt werden.<br \/>\nZur Versammlung sind die Mitglieder sowie auch G\u00e4ste herzlich willkommen.<\/p>\n<p>Im Namen der Vorstandschaft<br \/>\nRolf Kesenheimer<\/p>\n","protected":false},"excerpt":{"rendered":"<p>Der Schw\u00e4bische Albverein Bergatreute h\u00e4lt am Samstag den 07.02.2015 um 20:00 Uhr im Sch\u00fctzenhaus Bergatreute seine Jahreshauptversammlung ab.<\/p>\n","protected":false},"author":4,"featured_media":0,"comment_status":"closed","ping_status":"closed","sticky":false,"template":"","format":"standard","meta":{"ngg_post_thumbnail":0,"footnotes":""},"categories":[1],"tags":[],"class_list":["post-6252","post","type-post","status-publish","format-standard","hentry","category-allgemein"],"_links":{"self":[{"href":"https:\/\/www.albverein-bergatreute.de\/ortsgruppe\/wp-json\/wp\/v2\/posts\/6252","targetHints":{"allow":["GET"]}}],"collection":[{"href":"https:\/\/www.albverein-bergatreute.de\/ortsgruppe\/wp-json\/wp\/v2\/posts"}],"about":[{"href":"https:\/\/www.albverein-bergatreute.de\/ortsgruppe\/wp-json\/wp\/v2\/types\/post"}],"author":[{"embeddable":true,"href":"https:\/\/www.albverein-bergatreute.de\/ortsgruppe\/wp-json\/wp\/v2\/users\/4"}],"replies":[{"embeddable":true,"href":"https:\/\/www.albverein-bergatreute.de\/ortsgruppe\/wp-json\/wp\/v2\/comments?post=6252"}],"version-history":[{"count":3,"href":"https:\/\/www.albverein-bergatreute.de\/ortsgruppe\/wp-json\/wp\/v2\/posts\/6252\/revisions"}],"predecessor-version":[{"id":6265,"href":"https:\/\/www.albverein-bergatreute.de\/ortsgruppe\/wp-json\/wp\/v2\/posts\/6252\/revisions\/6265"}],"wp:attachment":[{"href":"https:\/\/www.albverein-bergatreute.de\/ortsgruppe\/wp-json\/wp\/v2\/media?parent=6252"}],"wp:term":[{"taxonomy":"category","embeddable":true,"href":"https:\/\/www.albverein-bergatreute.de\/ortsgruppe\/wp-json\/wp\/v2\/categories?post=6252"},{"taxonomy":"post_tag","embeddable":true,"href":"https:\/\/www.albverein-bergatreute.de\/ortsgruppe\/wp-json\/wp\/v2\/tags?post=6252"}],"curies":[{"name":"wp","href":"https:\/\/api.w.org\/{rel}","templated":true}]}}