{"id":6258,"date":"2015-02-08T14:01:30","date_gmt":"2015-02-08T12:01:30","guid":{"rendered":"http:\/\/www.albverein-bergatreute.de\/ortsgruppe\/?p=6258"},"modified":"2015-02-21T12:18:25","modified_gmt":"2015-02-21T10:18:25","slug":"bilderabend-rueckblick-2015","status":"publish","type":"post","link":"https:\/\/www.albverein-bergatreute.de\/ortsgruppe\/2015\/02\/08\/bilderabend-rueckblick-2015\/","title":{"rendered":"Bilderabend    R\u00fcckblick 2015"},"content":{"rendered":"<p><!--more--><\/p>\n<table style=\"width: 622px;height: 746px\" width=\"1191\">\n<tbody>\n<tr>\n<td>\n<p style=\"text-align: left\">Das Merkw\u00fcrdigste an der Zukunft ist wohl die Vorstellung, dass man unsere Zeit sp\u00e4ter die gute alte Zeit nennen wird.<\/p>\n<p style=\"text-align: right\"><a href=\"http:\/\/natune.net\/zitate\/autor\/John+Steinbeck\"><em>John Steinbeck<\/em><\/a><\/p>\n<p>Die Zeit ist gekommen, nach getaner Arbeit einen j\u00e4hrlichen R\u00fcckblick auf unser abwechslungsreiches Vereinsleben mit Laptop und Beamer, wie die letzten Jahre auch, anzubieten.<\/p>\n<p>In der bekannten Kulisse des \u00a0\u00a0\u00a0\u00a0\u00a0<strong><span style=\"text-decoration: underline\">Sch\u00fctzenheims in Bergatreute<\/span><\/strong><span style=\"text-decoration: underline\">,<\/span><\/p>\n<p>treffen wir uns am\u00a0\u00a0\u00a0\u00a0\u00a0 \u00a0\u00a0\u00a0\u00a0\u00a0<strong><span style=\"text-decoration: underline\">Freitag den 20 Februar\u00a0 2015 um 19.00 Uhr<\/span><\/strong><\/p>\n<p>Die Vielfalt des gemeinsam Erlebten im Laufe des verstrichenen Jahres, im Kreise von vielen begeisterten Mitwanderern oder die Auftritte der Tanzgruppe, habe ich\u00a0 in bekannter Weise in Bild und Ton zu einer <strong>Multimedialen Show <\/strong>zusammengestellt.<\/p>\n<p>Die Wanderungen und Aktivit\u00e4ten, zum Beispiel zur Sprengsteinh\u00fctte (j\u00e4hrliche Springerles Wanderung) , die traditionelle Funkenwanderung oder die vielen gro\u00dfen und kleinen Wanderungen, <strong>die Jubil\u00e4umsfeier zum 40-j\u00e4hriges Bestehen der Ortsgruppe Bergatreute<\/strong>, das \u00dcbungswochenende der Tanzgruppe, die traditionelle j\u00e4hrliche <strong>PILGERWANDERUNG \u2013 im Rupertiwinkel<\/strong>, die Wanderung zum Zeltlager am Buchsee, sind nur einige der erfassten\u00a0\u00a0 Momente, an die wir uns an diesem Abend miteinander erinnern werden.<\/p>\n<p>F\u00fcr Bewirtung wird wie in jedem Jahr der Sch\u00fctzenverein in gewohnter freundlicher Weise sorgen.<\/p>\n<p>Es sind alle eingeladen. Ob sie dabei waren oder nicht. Ob sie Mitglieder des Albvereins sind, oder einfach Interesse an einem gem\u00fctlichen Beisammensein haben.<\/p>\n<p>Auf Euer Kommen freut sich Lutzi, \u00a0Mitglied im Schw\u00e4bischen Albverein Bergatreute.<\/p>\n<p><a href=\"http:\/\/www.albverein-bergatreute.de\/ortsgruppe\/wp-content\/uploads\/sites\/5\/2015\/02\/Neues-Bild.png\"><img loading=\"lazy\" decoding=\"async\" class=\"alignnone size-full wp-image-6261\" src=\"http:\/\/www.albverein-bergatreute.de\/ortsgruppe\/wp-content\/uploads\/sites\/5\/2015\/02\/Neues-Bild.png\" alt=\"Neues Bild\" width=\"193\" height=\"153\" \/><\/a><\/td>\n<\/tr>\n<\/tbody>\n<\/table>\n<p>&nbsp;<\/p>\n<p>&nbsp;<\/p>\n","protected":false},"excerpt":{"rendered":"","protected":false},"author":3,"featured_media":0,"comment_status":"closed","ping_status":"closed","sticky":false,"template":"","format":"standard","meta":{"ngg_post_thumbnail":0,"footnotes":""},"categories":[1],"tags":[],"class_list":["post-6258","post","type-post","status-publish","format-standard","hentry","category-allgemein"],"_links":{"self":[{"href":"https:\/\/www.albverein-bergatreute.de\/ortsgruppe\/wp-json\/wp\/v2\/posts\/6258","targetHints":{"allow":["GET"]}}],"collection":[{"href":"https:\/\/www.albverein-bergatreute.de\/ortsgruppe\/wp-json\/wp\/v2\/posts"}],"about":[{"href":"https:\/\/www.albverein-bergatreute.de\/ortsgruppe\/wp-json\/wp\/v2\/types\/post"}],"author":[{"embeddable":true,"href":"https:\/\/www.albverein-bergatreute.de\/ortsgruppe\/wp-json\/wp\/v2\/users\/3"}],"replies":[{"embeddable":true,"href":"https:\/\/www.albverein-bergatreute.de\/ortsgruppe\/wp-json\/wp\/v2\/comments?post=6258"}],"version-history":[{"count":10,"href":"https:\/\/www.albverein-bergatreute.de\/ortsgruppe\/wp-json\/wp\/v2\/posts\/6258\/revisions"}],"predecessor-version":[{"id":6281,"href":"https:\/\/www.albverein-bergatreute.de\/ortsgruppe\/wp-json\/wp\/v2\/posts\/6258\/revisions\/6281"}],"wp:attachment":[{"href":"https:\/\/www.albverein-bergatreute.de\/ortsgruppe\/wp-json\/wp\/v2\/media?parent=6258"}],"wp:term":[{"taxonomy":"category","embeddable":true,"href":"https:\/\/www.albverein-bergatreute.de\/ortsgruppe\/wp-json\/wp\/v2\/categories?post=6258"},{"taxonomy":"post_tag","embeddable":true,"href":"https:\/\/www.albverein-bergatreute.de\/ortsgruppe\/wp-json\/wp\/v2\/tags?post=6258"}],"curies":[{"name":"wp","href":"https:\/\/api.w.org\/{rel}","templated":true}]}}