{"id":6543,"date":"2015-03-01T13:13:54","date_gmt":"2015-03-01T11:13:54","guid":{"rendered":"http:\/\/www.albverein-bergatreute.de\/ortsgruppe\/?p=6543"},"modified":"2015-03-30T01:03:04","modified_gmt":"2015-03-29T23:03:04","slug":"wanderfahrt-zum-ostereiermarkt-nach-wangen","status":"publish","type":"post","link":"https:\/\/www.albverein-bergatreute.de\/ortsgruppe\/2015\/03\/01\/wanderfahrt-zum-ostereiermarkt-nach-wangen\/","title":{"rendered":"Wanderfahrt zum Ostereiermarkt nach Wangen"},"content":{"rendered":"<p>Der Schw\u00e4b.-Albverein Bad Waldsee f\u00fchrt wieder eine Bahnfahrt zum<br \/>\nOstereiermarkt nach Wangen durch.<!--more--> Au\u00dfer dem Ostereiermarkt im Rathaus<br \/>\nmachen wir noch eine Osterbrunnenf\u00fchrung. Die Brunnen sind festlich<br \/>\nherausgeputzt und \u00f6sterlich geschm\u00fcckt. Die Stadtf\u00fchrerin Frau Neher zeigt<br \/>\nund erkl\u00e4rt uns die Brunnen und vieles \u00fcber die Stadt Wangen.<br \/>\nEin echter Leckerbissen erwartet uns.<br \/>\nTreffpunkt ist am Samstag, den 7. M\u00e4rz um 9\u00b0\u00b0 am Bahnhof Bad Waldsee.<br \/>\nIn Wangen beginnt die 1,5 st\u00fcndige F\u00fchrung um 10.15 Uhr.<br \/>\nSo gegen 12\u00b0\u00b0 k\u00f6nnen wir das Mittagessen einplanen. Danach besuchen<br \/>\nwir die Osterausstellung im Rathaus. Zeit f\u00fcr eine individuelle Kaffeepause<br \/>\nist auch noch. Die R\u00fcckfahrt ist um 16.07 Uhr, Ankunft in Bad Waldsee<br \/>\nist um 16.42 Uhr. G\u00e4ste sind wie immer herzlich willkommen.<br \/>\nWeitere Auskunft bei Wanderf\u00fchrer Willi Schmid Tel. 07524-5482<br \/>\nDie n\u00e4chsten Veranstaltungen sind:<br \/>\nSamstag, 21.M\u00e4rz- AK-Stra\u00dfenputzede in Bergatreute<br \/>\nSonntag, 22.M\u00e4rz \u2013 Ein Dorf in Oberschwaben. Wanderung Eberhardszell mit Erich Stark<\/p>\n","protected":false},"excerpt":{"rendered":"<p>Der Schw\u00e4b.-Albverein Bad Waldsee f\u00fchrt wieder eine Bahnfahrt zum Ostereiermarkt nach Wangen durch.<\/p>\n","protected":false},"author":4,"featured_media":0,"comment_status":"closed","ping_status":"closed","sticky":false,"template":"","format":"standard","meta":{"ngg_post_thumbnail":0,"footnotes":""},"categories":[1],"tags":[],"class_list":["post-6543","post","type-post","status-publish","format-standard","hentry","category-allgemein"],"_links":{"self":[{"href":"https:\/\/www.albverein-bergatreute.de\/ortsgruppe\/wp-json\/wp\/v2\/posts\/6543","targetHints":{"allow":["GET"]}}],"collection":[{"href":"https:\/\/www.albverein-bergatreute.de\/ortsgruppe\/wp-json\/wp\/v2\/posts"}],"about":[{"href":"https:\/\/www.albverein-bergatreute.de\/ortsgruppe\/wp-json\/wp\/v2\/types\/post"}],"author":[{"embeddable":true,"href":"https:\/\/www.albverein-bergatreute.de\/ortsgruppe\/wp-json\/wp\/v2\/users\/4"}],"replies":[{"embeddable":true,"href":"https:\/\/www.albverein-bergatreute.de\/ortsgruppe\/wp-json\/wp\/v2\/comments?post=6543"}],"version-history":[{"count":2,"href":"https:\/\/www.albverein-bergatreute.de\/ortsgruppe\/wp-json\/wp\/v2\/posts\/6543\/revisions"}],"predecessor-version":[{"id":6556,"href":"https:\/\/www.albverein-bergatreute.de\/ortsgruppe\/wp-json\/wp\/v2\/posts\/6543\/revisions\/6556"}],"wp:attachment":[{"href":"https:\/\/www.albverein-bergatreute.de\/ortsgruppe\/wp-json\/wp\/v2\/media?parent=6543"}],"wp:term":[{"taxonomy":"category","embeddable":true,"href":"https:\/\/www.albverein-bergatreute.de\/ortsgruppe\/wp-json\/wp\/v2\/categories?post=6543"},{"taxonomy":"post_tag","embeddable":true,"href":"https:\/\/www.albverein-bergatreute.de\/ortsgruppe\/wp-json\/wp\/v2\/tags?post=6543"}],"curies":[{"name":"wp","href":"https:\/\/api.w.org\/{rel}","templated":true}]}}