{"id":7084,"date":"2015-04-22T15:29:11","date_gmt":"2015-04-22T13:29:11","guid":{"rendered":"http:\/\/www.albverein-bergatreute.de\/ortsgruppe\/?p=7084"},"modified":"2015-06-06T11:40:40","modified_gmt":"2015-06-06T09:40:40","slug":"bericht-technikwanderung-19-04-15","status":"publish","type":"post","link":"https:\/\/www.albverein-bergatreute.de\/ortsgruppe\/2015\/04\/22\/bericht-technikwanderung-19-04-15\/","title":{"rendered":"Bericht Technikwanderung 19.04.15"},"content":{"rendered":"<p>&#8222;Erneuerbare Energien&#8220; war\u00a0das Thema des diesj\u00e4hrigen Technikwanderung.\u00a0<!--more-->Am Treffpunkt Ortsmitte gabs nur eine kurze Begr\u00fc\u00dfung, dann f\u00fchrten die Organisatoren Armin Wei\u00df und Klaus K\u00fcble die 26 Interessierten nach Gaisbeuren zur Biogasanlage der Fam. Maucher. Nach wenigen Worten des Jungbauers Matthias\u00a0Maucher war klar, dass da nicht ein Landwirt alter Pr\u00e4gung, sondern eher ein Agraringenieur spricht. Hier wird nicht ein bisschen \u00d6kospielerei betrieben, sondern hier werden in gro\u00dfen Mengen Strom und Fernw\u00e4rme aus nachwachsenden Rohstoffen hergestellt. &#8222;Dieses Kraftwerk l\u00e4uft 360 Tage im Jahr. Es stellt keinen L\u00fcckenf\u00fcller dar, sondern ist zur Deckung der Grundlast geeignet.&#8220; meint der Betreiber.<\/p>\n<p>Die Zeit dr\u00e4ngte, man musste weiter ins Bergatreuter Gewerbegebiet Au\u00e4cker. Dort steht ein Windrad zur Stromerzeugung, das die Fa. Autohaus Nonnenmacher &amp; Schorpp errichtet hat. &#8222;Wir wollen in unserem Betrieb m\u00f6glichst autark sein. Au\u00dferdem wollen wir ein Zeichen setzen!&#8220; lie\u00df der Inhaber Erwin Nonnenmacher\u00a0ausrichten. Da er selber nicht da sein konnte, erl\u00e4uterte der Wanderf\u00fchrer Klaus K\u00fcble die Funktionsweise des Windrades. Als Elektromeister\u00a0war er da in seiner Materie.<\/p>\n<p>Weiter ging die Tour Richtung Wasserkraftwerk Tal. Auf dem Weg dahin wurde an der Photovoltaikanlage Fleischer im Tal halt gemacht und \u00fcber Solarstrom im allgemeinen geredet. Wanderf\u00fchrer K\u00fcble hatte entsprechende Zahlen parat, so konnte man sich einen guten \u00dcberblick verschaffen.<\/p>\n<p>Im Wasserkraftwerk Tal wartete schon der Betreiber, Herr J\u00f6rg Neukamp, auf die Albvereinler.\u00a0In gekonnter Weise berichtete er \u00fcber die Geschichte des Wasserkraftwerkes und die heutige Betriebsweise. Dass solche Mengen an Strom im Bergatreuter Gemeindegebiet\u00a0hergestellt werden, war bis dahin den wenigsten Mitwanderern bekannt.<\/p>\n<p>Man h\u00e4tte Herrn Neukamp noch lange zuh\u00f6ren k\u00f6nnen, doch es lag ja noch der Heimweg vor einem. So machte man sich auf den Weg zur\u00fcck nach Bergatreute. Dabei wurde noch die Baustelle am Damm des Elfenweihers besichtigt.<\/p>\n<p>Bilder zur Technikwanderung gibts <a href=\"http:\/\/www.albverein-bergatreute.de\/ortsgruppe\/2015_04_19-technikwanderung\/\">hier<\/a><\/p>\n","protected":false},"excerpt":{"rendered":"<p>&#8222;Erneuerbare Energien&#8220; war\u00a0das Thema des diesj\u00e4hrigen Technikwanderung.\u00a0<\/p>\n","protected":false},"author":3,"featured_media":0,"comment_status":"closed","ping_status":"closed","sticky":false,"template":"","format":"standard","meta":{"ngg_post_thumbnail":0,"footnotes":""},"categories":[6],"tags":[],"class_list":["post-7084","post","type-post","status-publish","format-standard","hentry","category-wanderberichte"],"_links":{"self":[{"href":"https:\/\/www.albverein-bergatreute.de\/ortsgruppe\/wp-json\/wp\/v2\/posts\/7084","targetHints":{"allow":["GET"]}}],"collection":[{"href":"https:\/\/www.albverein-bergatreute.de\/ortsgruppe\/wp-json\/wp\/v2\/posts"}],"about":[{"href":"https:\/\/www.albverein-bergatreute.de\/ortsgruppe\/wp-json\/wp\/v2\/types\/post"}],"author":[{"embeddable":true,"href":"https:\/\/www.albverein-bergatreute.de\/ortsgruppe\/wp-json\/wp\/v2\/users\/3"}],"replies":[{"embeddable":true,"href":"https:\/\/www.albverein-bergatreute.de\/ortsgruppe\/wp-json\/wp\/v2\/comments?post=7084"}],"version-history":[{"count":8,"href":"https:\/\/www.albverein-bergatreute.de\/ortsgruppe\/wp-json\/wp\/v2\/posts\/7084\/revisions"}],"predecessor-version":[{"id":7349,"href":"https:\/\/www.albverein-bergatreute.de\/ortsgruppe\/wp-json\/wp\/v2\/posts\/7084\/revisions\/7349"}],"wp:attachment":[{"href":"https:\/\/www.albverein-bergatreute.de\/ortsgruppe\/wp-json\/wp\/v2\/media?parent=7084"}],"wp:term":[{"taxonomy":"category","embeddable":true,"href":"https:\/\/www.albverein-bergatreute.de\/ortsgruppe\/wp-json\/wp\/v2\/categories?post=7084"},{"taxonomy":"post_tag","embeddable":true,"href":"https:\/\/www.albverein-bergatreute.de\/ortsgruppe\/wp-json\/wp\/v2\/tags?post=7084"}],"curies":[{"name":"wp","href":"https:\/\/api.w.org\/{rel}","templated":true}]}}