{"id":7354,"date":"2015-06-14T18:22:47","date_gmt":"2015-06-14T16:22:47","guid":{"rendered":"http:\/\/www.albverein-bergatreute.de\/ortsgruppe\/?p=7354"},"modified":"2015-06-21T19:42:38","modified_gmt":"2015-06-21T17:42:38","slug":"hindelanger-hirschberg","status":"publish","type":"post","link":"https:\/\/www.albverein-bergatreute.de\/ortsgruppe\/2015\/06\/14\/hindelanger-hirschberg\/","title":{"rendered":"Bergwanderung auf den Hirschberg bei Bad Hindelang"},"content":{"rendered":"<p>Am Sonntag, 21. Juni fahren wir Albvereinler ins sch\u00f6ne Allg\u00e4u. <!--more-->Vom Parkplatz in Bad Hindelang aus gehen wir \u00fcber sch\u00f6ne Almwiesen zum Hirschbachtobel. Hier werden wir immer wieder von Schildern auf alpine Gefahren hingewiesen, so sind also festes Schuhwerk und Trittsicherheit Grundvoraussetzungen f\u00fcr die Tour. Durch den Tobel gelangen wir auf gut befestigen Wegen vorbei an einigen Wasserf\u00e4llen dem Gipfel n\u00e4her. Am Gipfelkreuz bietet sich eine au\u00dferordentliche Sicht auf das Ostrachtal und die dahinter liegenden Allg\u00e4uer Hochalpen. An der S\u00fcdwestseite des Berges wandern wir \u00fcber viele Kehren hinab zur\u00fcck nach Bad Hindelang.<\/p>\n<p>Reine Wanderzeit ca. 4 Stunden<\/p>\n<p>H\u00f6henunterschied ca. 750 m<\/p>\n<p>Rucksackvesper und Getr\u00e4nke nicht vergessen<\/p>\n<p>Treffpunkt in der Bergatreuter Ortsmitte 21.06.2015 8.00 Uhr<br \/>\nFahrgemeinschaften werden gebildet<\/p>\n<p>Auf rege Teilnahme freuen sich eure Wanderf\u00fchrer Roland Tilp und Rudi K\u00fcble (Tel. 07527 \/ 1416)<\/p>\n","protected":false},"excerpt":{"rendered":"<p>Am Sonntag, 21. Juni fahren wir Albvereinler ins sch\u00f6ne Allg\u00e4u.<\/p>\n","protected":false},"author":10,"featured_media":0,"comment_status":"closed","ping_status":"closed","sticky":false,"template":"","format":"standard","meta":{"ngg_post_thumbnail":0,"footnotes":""},"categories":[1],"tags":[],"class_list":["post-7354","post","type-post","status-publish","format-standard","hentry","category-allgemein"],"_links":{"self":[{"href":"https:\/\/www.albverein-bergatreute.de\/ortsgruppe\/wp-json\/wp\/v2\/posts\/7354","targetHints":{"allow":["GET"]}}],"collection":[{"href":"https:\/\/www.albverein-bergatreute.de\/ortsgruppe\/wp-json\/wp\/v2\/posts"}],"about":[{"href":"https:\/\/www.albverein-bergatreute.de\/ortsgruppe\/wp-json\/wp\/v2\/types\/post"}],"author":[{"embeddable":true,"href":"https:\/\/www.albverein-bergatreute.de\/ortsgruppe\/wp-json\/wp\/v2\/users\/10"}],"replies":[{"embeddable":true,"href":"https:\/\/www.albverein-bergatreute.de\/ortsgruppe\/wp-json\/wp\/v2\/comments?post=7354"}],"version-history":[{"count":10,"href":"https:\/\/www.albverein-bergatreute.de\/ortsgruppe\/wp-json\/wp\/v2\/posts\/7354\/revisions"}],"predecessor-version":[{"id":7368,"href":"https:\/\/www.albverein-bergatreute.de\/ortsgruppe\/wp-json\/wp\/v2\/posts\/7354\/revisions\/7368"}],"wp:attachment":[{"href":"https:\/\/www.albverein-bergatreute.de\/ortsgruppe\/wp-json\/wp\/v2\/media?parent=7354"}],"wp:term":[{"taxonomy":"category","embeddable":true,"href":"https:\/\/www.albverein-bergatreute.de\/ortsgruppe\/wp-json\/wp\/v2\/categories?post=7354"},{"taxonomy":"post_tag","embeddable":true,"href":"https:\/\/www.albverein-bergatreute.de\/ortsgruppe\/wp-json\/wp\/v2\/tags?post=7354"}],"curies":[{"name":"wp","href":"https:\/\/api.w.org\/{rel}","templated":true}]}}