{"id":7373,"date":"2015-06-22T21:36:19","date_gmt":"2015-06-22T19:36:19","guid":{"rendered":"http:\/\/www.albverein-bergatreute.de\/ortsgruppe\/?p=7373"},"modified":"2015-06-22T21:36:19","modified_gmt":"2015-06-22T19:36:19","slug":"bilder-sind-eingestellt","status":"publish","type":"post","link":"https:\/\/www.albverein-bergatreute.de\/ortsgruppe\/2015\/06\/22\/bilder-sind-eingestellt\/","title":{"rendered":"Bilder sind eingestellt"},"content":{"rendered":"<p>Die Bilder der Bl\u00fcmleswanderung sind eingestellt.<\/p>\n<p>Lutzi Popa hat sich gro\u00dfe M\u00fche gegeben und eine wunderbare Fotogalerie erstellt. Vielen Dank!<\/p>\n<p>Einfach links auf &#8222;Galerie&#8220; klicken!<\/p>\n","protected":false},"excerpt":{"rendered":"<p>Die Bilder der Bl\u00fcmleswanderung sind eingestellt. Lutzi Popa hat sich gro\u00dfe M\u00fche gegeben und eine wunderbare Fotogalerie erstellt. Vielen Dank! Einfach links auf&hellip;<\/p>\n","protected":false},"author":3,"featured_media":0,"comment_status":"closed","ping_status":"closed","sticky":false,"template":"","format":"standard","meta":{"ngg_post_thumbnail":0,"footnotes":""},"categories":[1],"tags":[],"class_list":["post-7373","post","type-post","status-publish","format-standard","hentry","category-allgemein"],"_links":{"self":[{"href":"https:\/\/www.albverein-bergatreute.de\/ortsgruppe\/wp-json\/wp\/v2\/posts\/7373","targetHints":{"allow":["GET"]}}],"collection":[{"href":"https:\/\/www.albverein-bergatreute.de\/ortsgruppe\/wp-json\/wp\/v2\/posts"}],"about":[{"href":"https:\/\/www.albverein-bergatreute.de\/ortsgruppe\/wp-json\/wp\/v2\/types\/post"}],"author":[{"embeddable":true,"href":"https:\/\/www.albverein-bergatreute.de\/ortsgruppe\/wp-json\/wp\/v2\/users\/3"}],"replies":[{"embeddable":true,"href":"https:\/\/www.albverein-bergatreute.de\/ortsgruppe\/wp-json\/wp\/v2\/comments?post=7373"}],"version-history":[{"count":1,"href":"https:\/\/www.albverein-bergatreute.de\/ortsgruppe\/wp-json\/wp\/v2\/posts\/7373\/revisions"}],"predecessor-version":[{"id":7374,"href":"https:\/\/www.albverein-bergatreute.de\/ortsgruppe\/wp-json\/wp\/v2\/posts\/7373\/revisions\/7374"}],"wp:attachment":[{"href":"https:\/\/www.albverein-bergatreute.de\/ortsgruppe\/wp-json\/wp\/v2\/media?parent=7373"}],"wp:term":[{"taxonomy":"category","embeddable":true,"href":"https:\/\/www.albverein-bergatreute.de\/ortsgruppe\/wp-json\/wp\/v2\/categories?post=7373"},{"taxonomy":"post_tag","embeddable":true,"href":"https:\/\/www.albverein-bergatreute.de\/ortsgruppe\/wp-json\/wp\/v2\/tags?post=7373"}],"curies":[{"name":"wp","href":"https:\/\/api.w.org\/{rel}","templated":true}]}}