{"id":12572,"date":"2025-08-03T04:00:00","date_gmt":"2025-08-03T02:00:00","guid":{"rendered":"https:\/\/www.albverein-bergatreute.de\/zeltlager\/?p=12572"},"modified":"2025-07-30T11:39:28","modified_gmt":"2025-07-30T09:39:28","slug":"noch-5-mal-schlafen-2","status":"publish","type":"post","link":"https:\/\/www.albverein-bergatreute.de\/zeltlager\/2025\/08\/03\/noch-5-mal-schlafen-2\/","title":{"rendered":"Noch 5 mal schlafen\u2026"},"content":{"rendered":"\n<p>\u2026.f\u00fcr die teilnehmenden Kinder.<\/p>\n\n\n\n<p>F\u00fcr uns, die wir das Zeltlager durchf\u00fchren, ist heute das gro\u00dfe Packen angesagt und morgen geht\u2019s los.<\/p>\n\n\n\n<p>Wir werden genau 3 Wochen nicht mehr heimkommen.<\/p>\n\n\n\n<p>Nur f\u00fcr uns selber zu packen w\u00e4re nicht das gro\u00dfe Problem. Es sind die hundert Dinge, die man zum Durchf\u00fchren so eines Lager braucht. Immer wenn man denkt man hat alles, f\u00e4llt einem wieder was ein.<\/p>\n\n\n\n<p>Morgen laden wir einen LKW zweimal ein und aus. Zus\u00e4tzlich einen Traktoranh\u00e4nger, zwei Transporter und mehrere Autoanh\u00e4nger.<\/p>\n\n\n\n<p>Wir werden vollgepackt gegen Mittag auf dem Zeltplatz ankommen und mit 20 ehrenamtlichen Vollprofis in wenigen Tagen ein Zeltlager aufbauen, das seinesgleichen sucht.<br>(Bitte entschuldigen Sie das Eigenlob, aber der Autor und Lagerleiter ist heute schon etwas euphorisch)<\/p>\n\n\n\n<p>Zu allem \u00dcberfluss soll das Wetter auch noch perfekt sein.<\/p>\n\n\n\n<p>Viele von uns verstehen kaum, wie man seinen Urlaub anders verbringen kann!<\/p>\n","protected":false},"excerpt":{"rendered":"<p>\u2026.f\u00fcr die teilnehmenden Kinder. F\u00fcr uns, die wir das Zeltlager durchf\u00fchren, ist heute das gro\u00dfe Packen angesagt und morgen geht\u2019s los. Wir werden&hellip;<\/p>\n","protected":false},"author":3,"featured_media":0,"comment_status":"open","ping_status":"closed","sticky":false,"template":"","format":"standard","meta":{"ngg_post_thumbnail":0,"footnotes":""},"categories":[1],"tags":[],"class_list":["post-12572","post","type-post","status-publish","format-standard","hentry","category-buchsee-blog"],"_links":{"self":[{"href":"https:\/\/www.albverein-bergatreute.de\/zeltlager\/wp-json\/wp\/v2\/posts\/12572","targetHints":{"allow":["GET"]}}],"collection":[{"href":"https:\/\/www.albverein-bergatreute.de\/zeltlager\/wp-json\/wp\/v2\/posts"}],"about":[{"href":"https:\/\/www.albverein-bergatreute.de\/zeltlager\/wp-json\/wp\/v2\/types\/post"}],"author":[{"embeddable":true,"href":"https:\/\/www.albverein-bergatreute.de\/zeltlager\/wp-json\/wp\/v2\/users\/3"}],"replies":[{"embeddable":true,"href":"https:\/\/www.albverein-bergatreute.de\/zeltlager\/wp-json\/wp\/v2\/comments?post=12572"}],"version-history":[{"count":1,"href":"https:\/\/www.albverein-bergatreute.de\/zeltlager\/wp-json\/wp\/v2\/posts\/12572\/revisions"}],"predecessor-version":[{"id":12573,"href":"https:\/\/www.albverein-bergatreute.de\/zeltlager\/wp-json\/wp\/v2\/posts\/12572\/revisions\/12573"}],"wp:attachment":[{"href":"https:\/\/www.albverein-bergatreute.de\/zeltlager\/wp-json\/wp\/v2\/media?parent=12572"}],"wp:term":[{"taxonomy":"category","embeddable":true,"href":"https:\/\/www.albverein-bergatreute.de\/zeltlager\/wp-json\/wp\/v2\/categories?post=12572"},{"taxonomy":"post_tag","embeddable":true,"href":"https:\/\/www.albverein-bergatreute.de\/zeltlager\/wp-json\/wp\/v2\/tags?post=12572"}],"curies":[{"name":"wp","href":"https:\/\/api.w.org\/{rel}","templated":true}]}}