{"id":12575,"date":"2025-08-04T04:00:00","date_gmt":"2025-08-04T02:00:00","guid":{"rendered":"https:\/\/www.albverein-bergatreute.de\/zeltlager\/?p=12575"},"modified":"2025-07-30T11:52:48","modified_gmt":"2025-07-30T09:52:48","slug":"noch-4-mal-schlafen-2","status":"publish","type":"post","link":"https:\/\/www.albverein-bergatreute.de\/zeltlager\/2025\/08\/04\/noch-4-mal-schlafen-2\/","title":{"rendered":"Noch 4 mal schlafen\u2026"},"content":{"rendered":"\n<p>Bin mal gespannt, mit wem ich ins Zelt komme. Und welche Betreuer f\u00fcr mein Zelt zust\u00e4ndig sind.<\/p>\n\n\n\n<p>Am ersten Abend ist immer Begr\u00fc\u00dfungsabend am gro\u00dfen Lagerfeuer. Da singen wir bestimmt wieder das Buchsee-Lied.<\/p>\n\n\n\n<p>Wie geht denn nur der Text nochmal??<\/p>\n\n\n\n<p><strong><a href=\"https:\/\/www.albverein-bergatreute.de\/zeltlager\/buchseelied\/\">Buchseelied<\/a><\/strong><\/p>\n\n\n\n<p>Wenn Sie ein Zeltlager-T-Shirt, oder ein Cappy oder sonst was mit unserem Logo drauf bestellen m\u00f6chten, k\u00f6nnen Sie gerne auf unseren&nbsp;<strong><a href=\"https:\/\/zeltlagerbuchsee.myspreadshop.de\/\">Web-Shop<\/a><\/strong>&nbsp;zugreifen, den wir f\u00fcr Sie eingerichtet haben.<\/p>\n\n\n\n<p>Wir haben im Zeltlager selber nur noch ganz wenige T-Shirts aus Restbest\u00e4nden im Angebot.<\/p>\n\n\n\n<p>Bitte sehen Sie sich in unserem\u00a0<strong><a href=\"https:\/\/zeltlagerbuchsee.myspreadshop.de\/\">Web-Shop<\/a><\/strong>\u00a0um. Da gibt es viele sch\u00f6ne Sachen!<\/p>\n\n\n\n<p><\/p>\n","protected":false},"excerpt":{"rendered":"<p>Bin mal gespannt, mit wem ich ins Zelt komme. Und welche Betreuer f\u00fcr mein Zelt zust\u00e4ndig sind. Am ersten Abend ist immer Begr\u00fc\u00dfungsabend&hellip;<\/p>\n","protected":false},"author":3,"featured_media":0,"comment_status":"open","ping_status":"closed","sticky":false,"template":"","format":"standard","meta":{"ngg_post_thumbnail":0,"footnotes":""},"categories":[1],"tags":[],"class_list":["post-12575","post","type-post","status-publish","format-standard","hentry","category-buchsee-blog"],"_links":{"self":[{"href":"https:\/\/www.albverein-bergatreute.de\/zeltlager\/wp-json\/wp\/v2\/posts\/12575","targetHints":{"allow":["GET"]}}],"collection":[{"href":"https:\/\/www.albverein-bergatreute.de\/zeltlager\/wp-json\/wp\/v2\/posts"}],"about":[{"href":"https:\/\/www.albverein-bergatreute.de\/zeltlager\/wp-json\/wp\/v2\/types\/post"}],"author":[{"embeddable":true,"href":"https:\/\/www.albverein-bergatreute.de\/zeltlager\/wp-json\/wp\/v2\/users\/3"}],"replies":[{"embeddable":true,"href":"https:\/\/www.albverein-bergatreute.de\/zeltlager\/wp-json\/wp\/v2\/comments?post=12575"}],"version-history":[{"count":1,"href":"https:\/\/www.albverein-bergatreute.de\/zeltlager\/wp-json\/wp\/v2\/posts\/12575\/revisions"}],"predecessor-version":[{"id":12576,"href":"https:\/\/www.albverein-bergatreute.de\/zeltlager\/wp-json\/wp\/v2\/posts\/12575\/revisions\/12576"}],"wp:attachment":[{"href":"https:\/\/www.albverein-bergatreute.de\/zeltlager\/wp-json\/wp\/v2\/media?parent=12575"}],"wp:term":[{"taxonomy":"category","embeddable":true,"href":"https:\/\/www.albverein-bergatreute.de\/zeltlager\/wp-json\/wp\/v2\/categories?post=12575"},{"taxonomy":"post_tag","embeddable":true,"href":"https:\/\/www.albverein-bergatreute.de\/zeltlager\/wp-json\/wp\/v2\/tags?post=12575"}],"curies":[{"name":"wp","href":"https:\/\/api.w.org\/{rel}","templated":true}]}}