{"id":12577,"date":"2025-08-05T04:00:00","date_gmt":"2025-08-05T02:00:00","guid":{"rendered":"https:\/\/www.albverein-bergatreute.de\/zeltlager\/?p=12577"},"modified":"2025-07-30T11:53:18","modified_gmt":"2025-07-30T09:53:18","slug":"noch-3-mal-schlafen-2","status":"publish","type":"post","link":"https:\/\/www.albverein-bergatreute.de\/zeltlager\/2025\/08\/05\/noch-3-mal-schlafen-2\/","title":{"rendered":"Noch 3 mal schlafen\u2026"},"content":{"rendered":"\n<p>So langsam werde ich nerv\u00f6s. Welches Kuscheltier soll ich mitnehmen? Welches Kopfkissen?<\/p>\n\n\n\n<p>Dieses Jahr wird es vermutlich wieder Schnaken (Stechm\u00fccken auf oberschw\u00e4bisch) geben. Ich nehm\u2018 mal Autan mit oder Anti-Brumm.<\/p>\n\n\n\n<p>Es gibt auch \u00e4therische \u00d6le die helfen sollen\u2026<\/p>\n\n\n\n<p>Vielleicht wird es auch gar nicht so schlimm.<\/p>\n\n\n\n<p>Die, die beim Aufbauen sind sagen, das sei kein Problem.<\/p>\n\n\n\n<p>Des sind jo aber au koine Gwehnliche!<br>(Das sind aber auch alles etwas besondere Menschen)<\/p>\n\n\n\n<p><\/p>\n","protected":false},"excerpt":{"rendered":"<p>So langsam werde ich nerv\u00f6s. Welches Kuscheltier soll ich mitnehmen? Welches Kopfkissen? Dieses Jahr wird es vermutlich wieder Schnaken (Stechm\u00fccken auf oberschw\u00e4bisch) geben.&hellip;<\/p>\n","protected":false},"author":3,"featured_media":0,"comment_status":"open","ping_status":"closed","sticky":false,"template":"","format":"standard","meta":{"ngg_post_thumbnail":0,"footnotes":""},"categories":[1],"tags":[],"class_list":["post-12577","post","type-post","status-publish","format-standard","hentry","category-buchsee-blog"],"_links":{"self":[{"href":"https:\/\/www.albverein-bergatreute.de\/zeltlager\/wp-json\/wp\/v2\/posts\/12577","targetHints":{"allow":["GET"]}}],"collection":[{"href":"https:\/\/www.albverein-bergatreute.de\/zeltlager\/wp-json\/wp\/v2\/posts"}],"about":[{"href":"https:\/\/www.albverein-bergatreute.de\/zeltlager\/wp-json\/wp\/v2\/types\/post"}],"author":[{"embeddable":true,"href":"https:\/\/www.albverein-bergatreute.de\/zeltlager\/wp-json\/wp\/v2\/users\/3"}],"replies":[{"embeddable":true,"href":"https:\/\/www.albverein-bergatreute.de\/zeltlager\/wp-json\/wp\/v2\/comments?post=12577"}],"version-history":[{"count":1,"href":"https:\/\/www.albverein-bergatreute.de\/zeltlager\/wp-json\/wp\/v2\/posts\/12577\/revisions"}],"predecessor-version":[{"id":12578,"href":"https:\/\/www.albverein-bergatreute.de\/zeltlager\/wp-json\/wp\/v2\/posts\/12577\/revisions\/12578"}],"wp:attachment":[{"href":"https:\/\/www.albverein-bergatreute.de\/zeltlager\/wp-json\/wp\/v2\/media?parent=12577"}],"wp:term":[{"taxonomy":"category","embeddable":true,"href":"https:\/\/www.albverein-bergatreute.de\/zeltlager\/wp-json\/wp\/v2\/categories?post=12577"},{"taxonomy":"post_tag","embeddable":true,"href":"https:\/\/www.albverein-bergatreute.de\/zeltlager\/wp-json\/wp\/v2\/tags?post=12577"}],"curies":[{"name":"wp","href":"https:\/\/api.w.org\/{rel}","templated":true}]}}