{"id":12579,"date":"2025-08-06T04:00:00","date_gmt":"2025-08-06T02:00:00","guid":{"rendered":"https:\/\/www.albverein-bergatreute.de\/zeltlager\/?p=12579"},"modified":"2025-07-30T11:48:22","modified_gmt":"2025-07-30T09:48:22","slug":"noch-2-mal-schlafen-2","status":"publish","type":"post","link":"https:\/\/www.albverein-bergatreute.de\/zeltlager\/2025\/08\/06\/noch-2-mal-schlafen-2\/","title":{"rendered":"Noch 2 mal schlafen\u2026"},"content":{"rendered":"\n<p>Also \u00fcbermorgen.<\/p>\n\n\n\n<p>Wann ist eigentlich Anreise?<br>Ab 15:00 Uhr am Freitag<\/p>\n\n\n\n<p>Wann sollte man sp\u00e4testens da sein?<br>Da gibt es keine genaue Zeit. Gut w\u00e4re vor 18:00 Uhr.<\/p>\n\n\n\n<p>Wie geht das dann mit der Anmeldung?<br>Sie kommen mit Ihrem Kind ins Zeltlager. Da ist ein Zelt, vor dem ist meist eine kleine Menschenschlange und ein Schild mit \u201eAnmeldung\u201c.<\/p>\n\n\n\n<p>Da gehen Sie hin und melden Ihr Kind an. Das Impfbuch und das Krankenkassenk\u00e4rtchen sollten Sie bereithalten. Die kommen in die Akte. Ihr Kind darf auch, wie es alle tun, sein Taschengeld gleich auf sein Taschengeldkonto einzahlen. Ist nat\u00fcrlich freiwillig. Aber alle tun es. Manche erst einen halben Tag sp\u00e4ter.<\/p>\n\n\n\n<p>Dann wird Ihrem Kind ein Zelt zugewiesen. Dort steht ein Betreuer bereit und hilft Ihrem Kind, sein Nachtlager aufzubauen.<\/p>\n\n\n\n<p>F\u00fcr die Eltern gibt es dann noch gerne einen Kaffee oder ein Bier.<\/p>\n\n\n\n<p>Und schon ist alles erledigt.<\/p>\n\n\n\n<p>Bitte wundern Sie sich nicht, wenn sich Ihr Kind nicht mehr nach Ihnen umschaut. Es ist in einer neuen Welt. In einer Kinderwelt. Da st\u00f6ren Erwachsene, zumal wenn es die eigenen Eltern sind.<\/p>\n\n\n\n<p>Der Lagerleiter w\u00fcnscht Ihnen dann eine wundersch\u00f6ne kinderlose Zeit.<\/p>\n\n\n\n<p>Nat\u00fcrlich k\u00f6nnen Sie dann von zuhause aus nahezu live hier auf dem Blog verfolgen, was sich im Lager so tut.<\/p>\n\n\n\n<p>Der Lagerleiter, der auch der Blogger ist, wei\u00df, wie wichtig f\u00fcr Sie Informationen aus dem Zeltlager sind. Die Eltern haben ja mindesten so viel Heimweh wie die Kinder. Manchmal mehr.<\/p>\n","protected":false},"excerpt":{"rendered":"<p>Also \u00fcbermorgen. Wann ist eigentlich Anreise?Ab 15:00 Uhr am Freitag Wann sollte man sp\u00e4testens da sein?Da gibt es keine genaue Zeit. Gut w\u00e4re&hellip;<\/p>\n","protected":false},"author":3,"featured_media":0,"comment_status":"open","ping_status":"closed","sticky":false,"template":"","format":"standard","meta":{"ngg_post_thumbnail":0,"footnotes":""},"categories":[1],"tags":[],"class_list":["post-12579","post","type-post","status-publish","format-standard","hentry","category-buchsee-blog"],"_links":{"self":[{"href":"https:\/\/www.albverein-bergatreute.de\/zeltlager\/wp-json\/wp\/v2\/posts\/12579","targetHints":{"allow":["GET"]}}],"collection":[{"href":"https:\/\/www.albverein-bergatreute.de\/zeltlager\/wp-json\/wp\/v2\/posts"}],"about":[{"href":"https:\/\/www.albverein-bergatreute.de\/zeltlager\/wp-json\/wp\/v2\/types\/post"}],"author":[{"embeddable":true,"href":"https:\/\/www.albverein-bergatreute.de\/zeltlager\/wp-json\/wp\/v2\/users\/3"}],"replies":[{"embeddable":true,"href":"https:\/\/www.albverein-bergatreute.de\/zeltlager\/wp-json\/wp\/v2\/comments?post=12579"}],"version-history":[{"count":1,"href":"https:\/\/www.albverein-bergatreute.de\/zeltlager\/wp-json\/wp\/v2\/posts\/12579\/revisions"}],"predecessor-version":[{"id":12580,"href":"https:\/\/www.albverein-bergatreute.de\/zeltlager\/wp-json\/wp\/v2\/posts\/12579\/revisions\/12580"}],"wp:attachment":[{"href":"https:\/\/www.albverein-bergatreute.de\/zeltlager\/wp-json\/wp\/v2\/media?parent=12579"}],"wp:term":[{"taxonomy":"category","embeddable":true,"href":"https:\/\/www.albverein-bergatreute.de\/zeltlager\/wp-json\/wp\/v2\/categories?post=12579"},{"taxonomy":"post_tag","embeddable":true,"href":"https:\/\/www.albverein-bergatreute.de\/zeltlager\/wp-json\/wp\/v2\/tags?post=12579"}],"curies":[{"name":"wp","href":"https:\/\/api.w.org\/{rel}","templated":true}]}}