{"id":12595,"date":"2025-08-04T20:57:12","date_gmt":"2025-08-04T18:57:12","guid":{"rendered":"https:\/\/www.albverein-bergatreute.de\/zeltlager\/?p=12595"},"modified":"2025-08-04T20:59:31","modified_gmt":"2025-08-04T18:59:31","slug":"aufbau-hat-begonnen-2","status":"publish","type":"post","link":"https:\/\/www.albverein-bergatreute.de\/zeltlager\/2025\/08\/04\/aufbau-hat-begonnen-2\/","title":{"rendered":"Aufbau hat begonnen"},"content":{"rendered":"\n<p>F\u00fcr uns hat jetzt die f\u00fcnfte Jahreszeit begonnen.<\/p>\n\n\n\n<p>Wir trafen uns alle heute um 9:00. Dann haben wir einen LKW viele Autos und einen Traktoranh\u00e4nger geladen und sind so um halbelfe (10:30) am Buchsee angekommen.<\/p>\n\n\n\n<p>Beim Beladen des LKWs hat es schon geregnet und als wir angekommen sind, regnete es auch noch.<\/p>\n\n\n\n<p>Es hat dann aufgeh\u00f6rt und abends spickelte sogar noch die Sonne heraus.<\/p>\n\n\n\n<p>Es ist jetzt 20:45 und wir arbeiten alle noch. Nicht weil wir m\u00fcssen. Nur so zum Zeitvertreib. Und weil alle motoviert sind. Es ist eine besondere Herausforderung, so ein Lager aufzubauen.<\/p>\n\n\n\n<p>Wir k\u00f6nnen uns nichts sch\u00f6neres vorstellen. Wie gesagt. Es ist die f\u00fcnfte Jahreszeit.<\/p>\n\n\n\n<figure class=\"wp-block-image size-large\"><img loading=\"lazy\" decoding=\"async\" width=\"1024\" height=\"768\" src=\"https:\/\/www.albverein-bergatreute.de\/zeltlager\/wp-content\/uploads\/sites\/7\/2025\/08\/IMG_4973-1024x768.jpeg\" alt=\"\" class=\"wp-image-12596\" srcset=\"https:\/\/www.albverein-bergatreute.de\/zeltlager\/wp-content\/uploads\/sites\/7\/2025\/08\/IMG_4973-1024x768.jpeg 1024w, https:\/\/www.albverein-bergatreute.de\/zeltlager\/wp-content\/uploads\/sites\/7\/2025\/08\/IMG_4973-300x225.jpeg 300w, https:\/\/www.albverein-bergatreute.de\/zeltlager\/wp-content\/uploads\/sites\/7\/2025\/08\/IMG_4973-768x576.jpeg 768w, https:\/\/www.albverein-bergatreute.de\/zeltlager\/wp-content\/uploads\/sites\/7\/2025\/08\/IMG_4973-1536x1152.jpeg 1536w, https:\/\/www.albverein-bergatreute.de\/zeltlager\/wp-content\/uploads\/sites\/7\/2025\/08\/IMG_4973.jpeg 2048w\" sizes=\"auto, (max-width: 1024px) 100vw, 1024px\" \/><\/figure>\n","protected":false},"excerpt":{"rendered":"<p>F\u00fcr uns hat jetzt die f\u00fcnfte Jahreszeit begonnen. Wir trafen uns alle heute um 9:00. Dann haben wir einen LKW viele Autos und&hellip;<\/p>\n","protected":false},"author":3,"featured_media":0,"comment_status":"open","ping_status":"closed","sticky":false,"template":"","format":"standard","meta":{"ngg_post_thumbnail":0,"footnotes":""},"categories":[1],"tags":[],"class_list":["post-12595","post","type-post","status-publish","format-standard","hentry","category-buchsee-blog"],"_links":{"self":[{"href":"https:\/\/www.albverein-bergatreute.de\/zeltlager\/wp-json\/wp\/v2\/posts\/12595","targetHints":{"allow":["GET"]}}],"collection":[{"href":"https:\/\/www.albverein-bergatreute.de\/zeltlager\/wp-json\/wp\/v2\/posts"}],"about":[{"href":"https:\/\/www.albverein-bergatreute.de\/zeltlager\/wp-json\/wp\/v2\/types\/post"}],"author":[{"embeddable":true,"href":"https:\/\/www.albverein-bergatreute.de\/zeltlager\/wp-json\/wp\/v2\/users\/3"}],"replies":[{"embeddable":true,"href":"https:\/\/www.albverein-bergatreute.de\/zeltlager\/wp-json\/wp\/v2\/comments?post=12595"}],"version-history":[{"count":3,"href":"https:\/\/www.albverein-bergatreute.de\/zeltlager\/wp-json\/wp\/v2\/posts\/12595\/revisions"}],"predecessor-version":[{"id":12599,"href":"https:\/\/www.albverein-bergatreute.de\/zeltlager\/wp-json\/wp\/v2\/posts\/12595\/revisions\/12599"}],"wp:attachment":[{"href":"https:\/\/www.albverein-bergatreute.de\/zeltlager\/wp-json\/wp\/v2\/media?parent=12595"}],"wp:term":[{"taxonomy":"category","embeddable":true,"href":"https:\/\/www.albverein-bergatreute.de\/zeltlager\/wp-json\/wp\/v2\/categories?post=12595"},{"taxonomy":"post_tag","embeddable":true,"href":"https:\/\/www.albverein-bergatreute.de\/zeltlager\/wp-json\/wp\/v2\/tags?post=12595"}],"curies":[{"name":"wp","href":"https:\/\/api.w.org\/{rel}","templated":true}]}}