{"id":12602,"date":"2025-08-06T11:22:51","date_gmt":"2025-08-06T09:22:51","guid":{"rendered":"https:\/\/www.albverein-bergatreute.de\/zeltlager\/?p=12602"},"modified":"2025-08-06T11:56:55","modified_gmt":"2025-08-06T09:56:55","slug":"der-aufbau-kommt-sehr-gut-voran","status":"publish","type":"post","link":"https:\/\/www.albverein-bergatreute.de\/zeltlager\/2025\/08\/06\/der-aufbau-kommt-sehr-gut-voran\/","title":{"rendered":"Der Aufbau kommt sehr gut voran"},"content":{"rendered":"\n<figure class=\"wp-block-image size-large\"><img loading=\"lazy\" decoding=\"async\" width=\"1024\" height=\"768\" src=\"https:\/\/www.albverein-bergatreute.de\/zeltlager\/wp-content\/uploads\/sites\/7\/2025\/08\/WhatsApp-Bild-2025-08-06-um-10.38.47_2ad7e2c7-3-1024x768.jpg\" alt=\"\" class=\"wp-image-12607\" srcset=\"https:\/\/www.albverein-bergatreute.de\/zeltlager\/wp-content\/uploads\/sites\/7\/2025\/08\/WhatsApp-Bild-2025-08-06-um-10.38.47_2ad7e2c7-3-1024x768.jpg 1024w, https:\/\/www.albverein-bergatreute.de\/zeltlager\/wp-content\/uploads\/sites\/7\/2025\/08\/WhatsApp-Bild-2025-08-06-um-10.38.47_2ad7e2c7-3-300x225.jpg 300w, https:\/\/www.albverein-bergatreute.de\/zeltlager\/wp-content\/uploads\/sites\/7\/2025\/08\/WhatsApp-Bild-2025-08-06-um-10.38.47_2ad7e2c7-3-768x576.jpg 768w, https:\/\/www.albverein-bergatreute.de\/zeltlager\/wp-content\/uploads\/sites\/7\/2025\/08\/WhatsApp-Bild-2025-08-06-um-10.38.47_2ad7e2c7-3-1536x1152.jpg 1536w, https:\/\/www.albverein-bergatreute.de\/zeltlager\/wp-content\/uploads\/sites\/7\/2025\/08\/WhatsApp-Bild-2025-08-06-um-10.38.47_2ad7e2c7-3.jpg 2048w\" sizes=\"auto, (max-width: 1024px) 100vw, 1024px\" \/><figcaption class=\"wp-element-caption\">Der Palettenweg wird verlegt und Stolperfallen beseitigt<\/figcaption><\/figure>\n\n\n\n<p><\/p>\n\n\n\n<figure class=\"wp-block-image size-large\"><img loading=\"lazy\" decoding=\"async\" width=\"1024\" height=\"768\" src=\"https:\/\/www.albverein-bergatreute.de\/zeltlager\/wp-content\/uploads\/sites\/7\/2025\/08\/WhatsApp-Bild-2025-08-06-um-10.38.48_bde90526-1-1024x768.jpg\" alt=\"\" class=\"wp-image-12608\" srcset=\"https:\/\/www.albverein-bergatreute.de\/zeltlager\/wp-content\/uploads\/sites\/7\/2025\/08\/WhatsApp-Bild-2025-08-06-um-10.38.48_bde90526-1-1024x768.jpg 1024w, https:\/\/www.albverein-bergatreute.de\/zeltlager\/wp-content\/uploads\/sites\/7\/2025\/08\/WhatsApp-Bild-2025-08-06-um-10.38.48_bde90526-1-300x225.jpg 300w, https:\/\/www.albverein-bergatreute.de\/zeltlager\/wp-content\/uploads\/sites\/7\/2025\/08\/WhatsApp-Bild-2025-08-06-um-10.38.48_bde90526-1-768x576.jpg 768w, https:\/\/www.albverein-bergatreute.de\/zeltlager\/wp-content\/uploads\/sites\/7\/2025\/08\/WhatsApp-Bild-2025-08-06-um-10.38.48_bde90526-1-1536x1152.jpg 1536w, https:\/\/www.albverein-bergatreute.de\/zeltlager\/wp-content\/uploads\/sites\/7\/2025\/08\/WhatsApp-Bild-2025-08-06-um-10.38.48_bde90526-1.jpg 2048w\" sizes=\"auto, (max-width: 1024px) 100vw, 1024px\" \/><\/figure>\n\n\n\n<p><\/p>\n\n\n\n<p><\/p>\n\n\n\n<figure class=\"wp-block-image size-large\"><img loading=\"lazy\" decoding=\"async\" width=\"1024\" height=\"768\" src=\"https:\/\/www.albverein-bergatreute.de\/zeltlager\/wp-content\/uploads\/sites\/7\/2025\/08\/WhatsApp-Bild-2025-08-06-um-10.38.48_74ff2a54-1024x768.jpg\" alt=\"\" class=\"wp-image-12609\" srcset=\"https:\/\/www.albverein-bergatreute.de\/zeltlager\/wp-content\/uploads\/sites\/7\/2025\/08\/WhatsApp-Bild-2025-08-06-um-10.38.48_74ff2a54-1024x768.jpg 1024w, https:\/\/www.albverein-bergatreute.de\/zeltlager\/wp-content\/uploads\/sites\/7\/2025\/08\/WhatsApp-Bild-2025-08-06-um-10.38.48_74ff2a54-300x225.jpg 300w, https:\/\/www.albverein-bergatreute.de\/zeltlager\/wp-content\/uploads\/sites\/7\/2025\/08\/WhatsApp-Bild-2025-08-06-um-10.38.48_74ff2a54-768x576.jpg 768w, https:\/\/www.albverein-bergatreute.de\/zeltlager\/wp-content\/uploads\/sites\/7\/2025\/08\/WhatsApp-Bild-2025-08-06-um-10.38.48_74ff2a54-1536x1152.jpg 1536w, https:\/\/www.albverein-bergatreute.de\/zeltlager\/wp-content\/uploads\/sites\/7\/2025\/08\/WhatsApp-Bild-2025-08-06-um-10.38.48_74ff2a54.jpg 2048w\" sizes=\"auto, (max-width: 1024px) 100vw, 1024px\" \/><figcaption class=\"wp-element-caption\">Die K\u00fcche ist auch schon fast voll funktionsf\u00e4hig<\/figcaption><\/figure>\n\n\n\n<p><\/p>\n\n\n\n<figure class=\"wp-block-image size-large\"><img loading=\"lazy\" decoding=\"async\" width=\"1024\" height=\"768\" src=\"https:\/\/www.albverein-bergatreute.de\/zeltlager\/wp-content\/uploads\/sites\/7\/2025\/08\/WhatsApp-Bild-2025-08-06-um-10.38.48_ec123269-1024x768.jpg\" alt=\"\" class=\"wp-image-12610\" srcset=\"https:\/\/www.albverein-bergatreute.de\/zeltlager\/wp-content\/uploads\/sites\/7\/2025\/08\/WhatsApp-Bild-2025-08-06-um-10.38.48_ec123269-1024x768.jpg 1024w, https:\/\/www.albverein-bergatreute.de\/zeltlager\/wp-content\/uploads\/sites\/7\/2025\/08\/WhatsApp-Bild-2025-08-06-um-10.38.48_ec123269-300x225.jpg 300w, https:\/\/www.albverein-bergatreute.de\/zeltlager\/wp-content\/uploads\/sites\/7\/2025\/08\/WhatsApp-Bild-2025-08-06-um-10.38.48_ec123269-768x576.jpg 768w, https:\/\/www.albverein-bergatreute.de\/zeltlager\/wp-content\/uploads\/sites\/7\/2025\/08\/WhatsApp-Bild-2025-08-06-um-10.38.48_ec123269-1536x1152.jpg 1536w, https:\/\/www.albverein-bergatreute.de\/zeltlager\/wp-content\/uploads\/sites\/7\/2025\/08\/WhatsApp-Bild-2025-08-06-um-10.38.48_ec123269.jpg 2048w\" sizes=\"auto, (max-width: 1024px) 100vw, 1024px\" \/><figcaption class=\"wp-element-caption\">Auch das Sp\u00fcl- und Backzelt sieht schon gut aus<\/figcaption><\/figure>\n\n\n\n<p><\/p>\n\n\n\n<figure class=\"wp-block-image size-large\"><img loading=\"lazy\" decoding=\"async\" width=\"1024\" height=\"768\" src=\"https:\/\/www.albverein-bergatreute.de\/zeltlager\/wp-content\/uploads\/sites\/7\/2025\/08\/WhatsApp-Bild-2025-08-06-um-10.38.48_f525b2ef-1024x768.jpg\" alt=\"\" class=\"wp-image-12612\" srcset=\"https:\/\/www.albverein-bergatreute.de\/zeltlager\/wp-content\/uploads\/sites\/7\/2025\/08\/WhatsApp-Bild-2025-08-06-um-10.38.48_f525b2ef-1024x768.jpg 1024w, https:\/\/www.albverein-bergatreute.de\/zeltlager\/wp-content\/uploads\/sites\/7\/2025\/08\/WhatsApp-Bild-2025-08-06-um-10.38.48_f525b2ef-300x225.jpg 300w, https:\/\/www.albverein-bergatreute.de\/zeltlager\/wp-content\/uploads\/sites\/7\/2025\/08\/WhatsApp-Bild-2025-08-06-um-10.38.48_f525b2ef-768x576.jpg 768w, https:\/\/www.albverein-bergatreute.de\/zeltlager\/wp-content\/uploads\/sites\/7\/2025\/08\/WhatsApp-Bild-2025-08-06-um-10.38.48_f525b2ef-1536x1152.jpg 1536w, https:\/\/www.albverein-bergatreute.de\/zeltlager\/wp-content\/uploads\/sites\/7\/2025\/08\/WhatsApp-Bild-2025-08-06-um-10.38.48_f525b2ef.jpg 2048w\" sizes=\"auto, (max-width: 1024px) 100vw, 1024px\" \/><figcaption class=\"wp-element-caption\">Das sp\u00e4tere Essenszelt ist jetzt unser Lager<\/figcaption><\/figure>\n\n\n\n<p><\/p>\n\n\n\n<figure class=\"wp-block-image size-large\"><img loading=\"lazy\" decoding=\"async\" width=\"1024\" height=\"768\" src=\"https:\/\/www.albverein-bergatreute.de\/zeltlager\/wp-content\/uploads\/sites\/7\/2025\/08\/WhatsApp-Bild-2025-08-06-um-10.38.48_5a25da38-1024x768.jpg\" alt=\"\" class=\"wp-image-12613\" srcset=\"https:\/\/www.albverein-bergatreute.de\/zeltlager\/wp-content\/uploads\/sites\/7\/2025\/08\/WhatsApp-Bild-2025-08-06-um-10.38.48_5a25da38-1024x768.jpg 1024w, https:\/\/www.albverein-bergatreute.de\/zeltlager\/wp-content\/uploads\/sites\/7\/2025\/08\/WhatsApp-Bild-2025-08-06-um-10.38.48_5a25da38-300x225.jpg 300w, https:\/\/www.albverein-bergatreute.de\/zeltlager\/wp-content\/uploads\/sites\/7\/2025\/08\/WhatsApp-Bild-2025-08-06-um-10.38.48_5a25da38-768x576.jpg 768w, https:\/\/www.albverein-bergatreute.de\/zeltlager\/wp-content\/uploads\/sites\/7\/2025\/08\/WhatsApp-Bild-2025-08-06-um-10.38.48_5a25da38-1536x1152.jpg 1536w, https:\/\/www.albverein-bergatreute.de\/zeltlager\/wp-content\/uploads\/sites\/7\/2025\/08\/WhatsApp-Bild-2025-08-06-um-10.38.48_5a25da38.jpg 2048w\" sizes=\"auto, (max-width: 1024px) 100vw, 1024px\" \/><figcaption class=\"wp-element-caption\">Auch zwei wichtige Helfer<\/figcaption><\/figure>\n\n\n\n<p><\/p>\n\n\n\n<figure class=\"wp-block-image size-large\"><img loading=\"lazy\" decoding=\"async\" width=\"1024\" height=\"768\" src=\"https:\/\/www.albverein-bergatreute.de\/zeltlager\/wp-content\/uploads\/sites\/7\/2025\/08\/WhatsApp-Bild-2025-08-06-um-10.38.49_67f09a21-1024x768.jpg\" alt=\"\" class=\"wp-image-12614\" srcset=\"https:\/\/www.albverein-bergatreute.de\/zeltlager\/wp-content\/uploads\/sites\/7\/2025\/08\/WhatsApp-Bild-2025-08-06-um-10.38.49_67f09a21-1024x768.jpg 1024w, https:\/\/www.albverein-bergatreute.de\/zeltlager\/wp-content\/uploads\/sites\/7\/2025\/08\/WhatsApp-Bild-2025-08-06-um-10.38.49_67f09a21-300x225.jpg 300w, https:\/\/www.albverein-bergatreute.de\/zeltlager\/wp-content\/uploads\/sites\/7\/2025\/08\/WhatsApp-Bild-2025-08-06-um-10.38.49_67f09a21-768x576.jpg 768w, https:\/\/www.albverein-bergatreute.de\/zeltlager\/wp-content\/uploads\/sites\/7\/2025\/08\/WhatsApp-Bild-2025-08-06-um-10.38.49_67f09a21-1536x1152.jpg 1536w, https:\/\/www.albverein-bergatreute.de\/zeltlager\/wp-content\/uploads\/sites\/7\/2025\/08\/WhatsApp-Bild-2025-08-06-um-10.38.49_67f09a21.jpg 2048w\" sizes=\"auto, (max-width: 1024px) 100vw, 1024px\" \/><figcaption class=\"wp-element-caption\">Ein Zeltlager entsteht.<br>Ein Wanderer der vorbeikam bemerkte: &#8222;Das ist kein Zeltlager, das ist eine Zeltstadt!&#8220;<br>Hat er auch recht.<\/figcaption><\/figure>\n\n\n\n<p><\/p>\n\n\n\n<figure class=\"wp-block-image size-large\"><img loading=\"lazy\" decoding=\"async\" width=\"1024\" height=\"768\" src=\"https:\/\/www.albverein-bergatreute.de\/zeltlager\/wp-content\/uploads\/sites\/7\/2025\/08\/WhatsApp-Bild-2025-08-06-um-10.38.49_fce47931-1024x768.jpg\" alt=\"\" class=\"wp-image-12615\" srcset=\"https:\/\/www.albverein-bergatreute.de\/zeltlager\/wp-content\/uploads\/sites\/7\/2025\/08\/WhatsApp-Bild-2025-08-06-um-10.38.49_fce47931-1024x768.jpg 1024w, https:\/\/www.albverein-bergatreute.de\/zeltlager\/wp-content\/uploads\/sites\/7\/2025\/08\/WhatsApp-Bild-2025-08-06-um-10.38.49_fce47931-300x225.jpg 300w, https:\/\/www.albverein-bergatreute.de\/zeltlager\/wp-content\/uploads\/sites\/7\/2025\/08\/WhatsApp-Bild-2025-08-06-um-10.38.49_fce47931-768x576.jpg 768w, https:\/\/www.albverein-bergatreute.de\/zeltlager\/wp-content\/uploads\/sites\/7\/2025\/08\/WhatsApp-Bild-2025-08-06-um-10.38.49_fce47931-1536x1152.jpg 1536w, https:\/\/www.albverein-bergatreute.de\/zeltlager\/wp-content\/uploads\/sites\/7\/2025\/08\/WhatsApp-Bild-2025-08-06-um-10.38.49_fce47931.jpg 2048w\" sizes=\"auto, (max-width: 1024px) 100vw, 1024px\" \/><figcaption class=\"wp-element-caption\">Das sieht doch schon einladend aus. Sie d\u00fcrfen aber erst am Freitag kommen!<\/figcaption><\/figure>\n\n\n\n<p><\/p>\n\n\n\n<figure class=\"wp-block-image size-large\"><img loading=\"lazy\" decoding=\"async\" width=\"1024\" height=\"768\" src=\"https:\/\/www.albverein-bergatreute.de\/zeltlager\/wp-content\/uploads\/sites\/7\/2025\/08\/WhatsApp-Bild-2025-08-06-um-10.38.49_98d2c969-1024x768.jpg\" alt=\"\" class=\"wp-image-12616\" srcset=\"https:\/\/www.albverein-bergatreute.de\/zeltlager\/wp-content\/uploads\/sites\/7\/2025\/08\/WhatsApp-Bild-2025-08-06-um-10.38.49_98d2c969-1024x768.jpg 1024w, https:\/\/www.albverein-bergatreute.de\/zeltlager\/wp-content\/uploads\/sites\/7\/2025\/08\/WhatsApp-Bild-2025-08-06-um-10.38.49_98d2c969-300x225.jpg 300w, https:\/\/www.albverein-bergatreute.de\/zeltlager\/wp-content\/uploads\/sites\/7\/2025\/08\/WhatsApp-Bild-2025-08-06-um-10.38.49_98d2c969-768x576.jpg 768w, https:\/\/www.albverein-bergatreute.de\/zeltlager\/wp-content\/uploads\/sites\/7\/2025\/08\/WhatsApp-Bild-2025-08-06-um-10.38.49_98d2c969-1536x1152.jpg 1536w, https:\/\/www.albverein-bergatreute.de\/zeltlager\/wp-content\/uploads\/sites\/7\/2025\/08\/WhatsApp-Bild-2025-08-06-um-10.38.49_98d2c969.jpg 2048w\" sizes=\"auto, (max-width: 1024px) 100vw, 1024px\" \/><figcaption class=\"wp-element-caption\">Das Betreuerzelt. Aufenthaltszelt f\u00fcr die Betreuer. B\u00fcro. Arbeitsplatz des Bloggers und Essenszelt f\u00fcr die Betreuer. Das Hauptquartier.<\/figcaption><\/figure>\n\n\n\n<p><\/p>\n\n\n\n<figure class=\"wp-block-image size-large\"><img loading=\"lazy\" decoding=\"async\" width=\"1024\" height=\"768\" src=\"https:\/\/www.albverein-bergatreute.de\/zeltlager\/wp-content\/uploads\/sites\/7\/2025\/08\/WhatsApp-Bild-2025-08-06-um-10.38.49_cb75e66a-1024x768.jpg\" alt=\"\" class=\"wp-image-12617\" srcset=\"https:\/\/www.albverein-bergatreute.de\/zeltlager\/wp-content\/uploads\/sites\/7\/2025\/08\/WhatsApp-Bild-2025-08-06-um-10.38.49_cb75e66a-1024x768.jpg 1024w, https:\/\/www.albverein-bergatreute.de\/zeltlager\/wp-content\/uploads\/sites\/7\/2025\/08\/WhatsApp-Bild-2025-08-06-um-10.38.49_cb75e66a-300x225.jpg 300w, https:\/\/www.albverein-bergatreute.de\/zeltlager\/wp-content\/uploads\/sites\/7\/2025\/08\/WhatsApp-Bild-2025-08-06-um-10.38.49_cb75e66a-768x576.jpg 768w, https:\/\/www.albverein-bergatreute.de\/zeltlager\/wp-content\/uploads\/sites\/7\/2025\/08\/WhatsApp-Bild-2025-08-06-um-10.38.49_cb75e66a-1536x1152.jpg 1536w, https:\/\/www.albverein-bergatreute.de\/zeltlager\/wp-content\/uploads\/sites\/7\/2025\/08\/WhatsApp-Bild-2025-08-06-um-10.38.49_cb75e66a.jpg 2048w\" sizes=\"auto, (max-width: 1024px) 100vw, 1024px\" \/><figcaption class=\"wp-element-caption\">Auch nicht unwichtig, der Toilettenwagen. Er wird mehrmals t\u00e4glich geputzt.<\/figcaption><\/figure>\n\n\n\n<p><\/p>\n","protected":false},"excerpt":{"rendered":"","protected":false},"author":3,"featured_media":0,"comment_status":"open","ping_status":"closed","sticky":false,"template":"","format":"standard","meta":{"ngg_post_thumbnail":0,"footnotes":""},"categories":[1],"tags":[],"class_list":["post-12602","post","type-post","status-publish","format-standard","hentry","category-buchsee-blog"],"_links":{"self":[{"href":"https:\/\/www.albverein-bergatreute.de\/zeltlager\/wp-json\/wp\/v2\/posts\/12602","targetHints":{"allow":["GET"]}}],"collection":[{"href":"https:\/\/www.albverein-bergatreute.de\/zeltlager\/wp-json\/wp\/v2\/posts"}],"about":[{"href":"https:\/\/www.albverein-bergatreute.de\/zeltlager\/wp-json\/wp\/v2\/types\/post"}],"author":[{"embeddable":true,"href":"https:\/\/www.albverein-bergatreute.de\/zeltlager\/wp-json\/wp\/v2\/users\/3"}],"replies":[{"embeddable":true,"href":"https:\/\/www.albverein-bergatreute.de\/zeltlager\/wp-json\/wp\/v2\/comments?post=12602"}],"version-history":[{"count":2,"href":"https:\/\/www.albverein-bergatreute.de\/zeltlager\/wp-json\/wp\/v2\/posts\/12602\/revisions"}],"predecessor-version":[{"id":12619,"href":"https:\/\/www.albverein-bergatreute.de\/zeltlager\/wp-json\/wp\/v2\/posts\/12602\/revisions\/12619"}],"wp:attachment":[{"href":"https:\/\/www.albverein-bergatreute.de\/zeltlager\/wp-json\/wp\/v2\/media?parent=12602"}],"wp:term":[{"taxonomy":"category","embeddable":true,"href":"https:\/\/www.albverein-bergatreute.de\/zeltlager\/wp-json\/wp\/v2\/categories?post=12602"},{"taxonomy":"post_tag","embeddable":true,"href":"https:\/\/www.albverein-bergatreute.de\/zeltlager\/wp-json\/wp\/v2\/tags?post=12602"}],"curies":[{"name":"wp","href":"https:\/\/api.w.org\/{rel}","templated":true}]}}