{"id":12620,"date":"2025-08-06T13:15:31","date_gmt":"2025-08-06T11:15:31","guid":{"rendered":"https:\/\/www.albverein-bergatreute.de\/zeltlager\/?p=12620"},"modified":"2025-08-06T14:09:53","modified_gmt":"2025-08-06T12:09:53","slug":"der-lagerleiter","status":"publish","type":"post","link":"https:\/\/www.albverein-bergatreute.de\/zeltlager\/2025\/08\/06\/der-lagerleiter\/","title":{"rendered":"Der Lagerleiter"},"content":{"rendered":"\n<p>Man soll ja kein Aufhebens um sich selber machen.<\/p>\n\n\n\n<p>Drum jetzt einmal und dann ist das auch gut.<\/p>\n\n\n\n<p>Mein Name ist Klaus K\u00fcble. Ich bin Lagerleiter seit mehr als 20 Jahren und ich bediene auch diesen Blog.<\/p>\n\n\n\n<p>F\u00fcr mich und f\u00fcr andere auch beginnen jetzt die sch\u00f6nsten drei Wochen des Jahres.<\/p>\n\n\n\n<p>Ich werde viel Spa\u00df mit den Betreuern und den Kindern haben und ich hoffe, ich kann diese gute Stimmung Ihnen auch im Blog vermitteln.<\/p>\n\n\n\n<figure class=\"wp-block-image size-large\"><img loading=\"lazy\" decoding=\"async\" width=\"768\" height=\"1024\" src=\"https:\/\/www.albverein-bergatreute.de\/zeltlager\/wp-content\/uploads\/sites\/7\/2025\/08\/WhatsApp-Bild-2025-08-06-um-12.20.06_be45f83e-768x1024.jpg\" alt=\"\" class=\"wp-image-12621\" srcset=\"https:\/\/www.albverein-bergatreute.de\/zeltlager\/wp-content\/uploads\/sites\/7\/2025\/08\/WhatsApp-Bild-2025-08-06-um-12.20.06_be45f83e-768x1024.jpg 768w, https:\/\/www.albverein-bergatreute.de\/zeltlager\/wp-content\/uploads\/sites\/7\/2025\/08\/WhatsApp-Bild-2025-08-06-um-12.20.06_be45f83e-225x300.jpg 225w, https:\/\/www.albverein-bergatreute.de\/zeltlager\/wp-content\/uploads\/sites\/7\/2025\/08\/WhatsApp-Bild-2025-08-06-um-12.20.06_be45f83e-1152x1536.jpg 1152w, https:\/\/www.albverein-bergatreute.de\/zeltlager\/wp-content\/uploads\/sites\/7\/2025\/08\/WhatsApp-Bild-2025-08-06-um-12.20.06_be45f83e.jpg 1536w\" sizes=\"auto, (max-width: 768px) 100vw, 768px\" \/><\/figure>\n","protected":false},"excerpt":{"rendered":"<p>Man soll ja kein Aufhebens um sich selber machen. Drum jetzt einmal und dann ist das auch gut. Mein Name ist Klaus K\u00fcble.&hellip;<\/p>\n","protected":false},"author":3,"featured_media":0,"comment_status":"open","ping_status":"closed","sticky":false,"template":"","format":"standard","meta":{"ngg_post_thumbnail":0,"footnotes":""},"categories":[1],"tags":[],"class_list":["post-12620","post","type-post","status-publish","format-standard","hentry","category-buchsee-blog"],"_links":{"self":[{"href":"https:\/\/www.albverein-bergatreute.de\/zeltlager\/wp-json\/wp\/v2\/posts\/12620","targetHints":{"allow":["GET"]}}],"collection":[{"href":"https:\/\/www.albverein-bergatreute.de\/zeltlager\/wp-json\/wp\/v2\/posts"}],"about":[{"href":"https:\/\/www.albverein-bergatreute.de\/zeltlager\/wp-json\/wp\/v2\/types\/post"}],"author":[{"embeddable":true,"href":"https:\/\/www.albverein-bergatreute.de\/zeltlager\/wp-json\/wp\/v2\/users\/3"}],"replies":[{"embeddable":true,"href":"https:\/\/www.albverein-bergatreute.de\/zeltlager\/wp-json\/wp\/v2\/comments?post=12620"}],"version-history":[{"count":3,"href":"https:\/\/www.albverein-bergatreute.de\/zeltlager\/wp-json\/wp\/v2\/posts\/12620\/revisions"}],"predecessor-version":[{"id":12624,"href":"https:\/\/www.albverein-bergatreute.de\/zeltlager\/wp-json\/wp\/v2\/posts\/12620\/revisions\/12624"}],"wp:attachment":[{"href":"https:\/\/www.albverein-bergatreute.de\/zeltlager\/wp-json\/wp\/v2\/media?parent=12620"}],"wp:term":[{"taxonomy":"category","embeddable":true,"href":"https:\/\/www.albverein-bergatreute.de\/zeltlager\/wp-json\/wp\/v2\/categories?post=12620"},{"taxonomy":"post_tag","embeddable":true,"href":"https:\/\/www.albverein-bergatreute.de\/zeltlager\/wp-json\/wp\/v2\/tags?post=12620"}],"curies":[{"name":"wp","href":"https:\/\/api.w.org\/{rel}","templated":true}]}}