{"id":12982,"date":"2025-08-13T17:15:39","date_gmt":"2025-08-13T15:15:39","guid":{"rendered":"https:\/\/www.albverein-bergatreute.de\/zeltlager\/?p=12982"},"modified":"2025-08-13T20:49:02","modified_gmt":"2025-08-13T18:49:02","slug":"sommerfest-18","status":"publish","type":"post","link":"https:\/\/www.albverein-bergatreute.de\/zeltlager\/2025\/08\/13\/sommerfest-18\/","title":{"rendered":"Sommerfest"},"content":{"rendered":"\n<p>Wir sind in den Startl\u00f6chern.<\/p>\n\n\n\n<p>Der Lagerleiter und Blogger sitzt den ganzen Abend an der Hauptkasse und Losbude.<\/p>\n\n\n\n<p>Er zahlt er 10 Cent aus, schreibt 5 wieder gut, gibt 20 C und drei Lose her. schreibt 10 C wieder gut, zahlt15 oder doch 20 C aus usw.<\/p>\n\n\n\n<p>Ca. 200 Ein- und Auszahlvorg\u00e4nge und 450 Lose verkaufen. Da bleibt keine Zeit, locker und flockig den Blog zu bedienen.<\/p>\n\n\n\n<p>Hinterher werden dann schon Bilder gepostet.<\/p>\n\n\n\n<p>Und schon steht auch das andere an, bevor das eine gestartet ist.<\/p>\n\n\n\n<p>Heute noch, nach dem Sommerfest, ist noch die gro\u00dfe Auslosung f\u00fcr &#8222;Schlag die Betreuer&#8220; (SdB).<\/p>\n\n\n\n<p>Der n\u00e4chste H\u00f6hepunkt ist SdB, morgen. Dazu aber sp\u00e4ter mehr&#8230;<\/p>\n\n\n\n<p><\/p>\n","protected":false},"excerpt":{"rendered":"<p>Wir sind in den Startl\u00f6chern. Der Lagerleiter und Blogger sitzt den ganzen Abend an der Hauptkasse und Losbude. Er zahlt er 10 Cent&hellip;<\/p>\n","protected":false},"author":3,"featured_media":0,"comment_status":"open","ping_status":"closed","sticky":false,"template":"","format":"standard","meta":{"ngg_post_thumbnail":0,"footnotes":""},"categories":[1],"tags":[],"class_list":["post-12982","post","type-post","status-publish","format-standard","hentry","category-buchsee-blog"],"_links":{"self":[{"href":"https:\/\/www.albverein-bergatreute.de\/zeltlager\/wp-json\/wp\/v2\/posts\/12982","targetHints":{"allow":["GET"]}}],"collection":[{"href":"https:\/\/www.albverein-bergatreute.de\/zeltlager\/wp-json\/wp\/v2\/posts"}],"about":[{"href":"https:\/\/www.albverein-bergatreute.de\/zeltlager\/wp-json\/wp\/v2\/types\/post"}],"author":[{"embeddable":true,"href":"https:\/\/www.albverein-bergatreute.de\/zeltlager\/wp-json\/wp\/v2\/users\/3"}],"replies":[{"embeddable":true,"href":"https:\/\/www.albverein-bergatreute.de\/zeltlager\/wp-json\/wp\/v2\/comments?post=12982"}],"version-history":[{"count":2,"href":"https:\/\/www.albverein-bergatreute.de\/zeltlager\/wp-json\/wp\/v2\/posts\/12982\/revisions"}],"predecessor-version":[{"id":12985,"href":"https:\/\/www.albverein-bergatreute.de\/zeltlager\/wp-json\/wp\/v2\/posts\/12982\/revisions\/12985"}],"wp:attachment":[{"href":"https:\/\/www.albverein-bergatreute.de\/zeltlager\/wp-json\/wp\/v2\/media?parent=12982"}],"wp:term":[{"taxonomy":"category","embeddable":true,"href":"https:\/\/www.albverein-bergatreute.de\/zeltlager\/wp-json\/wp\/v2\/categories?post=12982"},{"taxonomy":"post_tag","embeddable":true,"href":"https:\/\/www.albverein-bergatreute.de\/zeltlager\/wp-json\/wp\/v2\/tags?post=12982"}],"curies":[{"name":"wp","href":"https:\/\/api.w.org\/{rel}","templated":true}]}}