{"id":13089,"date":"2025-08-16T22:13:51","date_gmt":"2025-08-16T20:13:51","guid":{"rendered":"https:\/\/www.albverein-bergatreute.de\/zeltlager\/?p=13089"},"modified":"2025-08-16T22:22:45","modified_gmt":"2025-08-16T20:22:45","slug":"lagerfeuer-8","status":"publish","type":"post","link":"https:\/\/www.albverein-bergatreute.de\/zeltlager\/2025\/08\/16\/lagerfeuer-8\/","title":{"rendered":"Lagerfeuer"},"content":{"rendered":"\n<p>Nach dem Singen des <a href=\"https:\/\/www.albverein-bergatreute.de\/zeltlager\/buchseelied\/\">Buchseelieds<\/a> war dann die Auslosung zum &#8222;Schlag die Betreuer&#8220;<\/p>\n\n\n\n<p>Die Teilnehmer fordern uns Betreuer heraus in Disziplinen, die sie ausgew\u00e4hlt haben.<\/p>\n\n\n\n<p>Jeder Betreuer muss gegen das Kind antreten, das von seinem Zelt ausgew\u00e4hlt wurde.<\/p>\n\n\n\n<p>Das hei\u00dft, jeder Betreuer muss gegen sieben Zelte, also sieben mal k\u00e4mpfen. Die Betreuer sind hoch motiviert, weil im letzten Jahr das unm\u00f6gliche schon zum zweiten mal passiert ist. Die Kinder haben gewonnen.<\/p>\n\n\n\n<p>Die Crux dabei ist, dass die Betreuer den Wettbewerben zugelost werden. Und da ist das Losgl\u00fcck entscheidend.<\/p>\n\n\n\n<p>Dass die Kinder alles geben, ist klar. Die Kinder, die gegen die Betreuer gewonnen haben, haben urkundlich den Titel &#8222;Betreuerbesieger&#8220; bekommen.<\/p>\n\n\n\n<figure class=\"wp-block-image size-large\"><img loading=\"lazy\" decoding=\"async\" width=\"576\" height=\"1024\" src=\"https:\/\/www.albverein-bergatreute.de\/zeltlager\/wp-content\/uploads\/sites\/7\/2025\/08\/WhatsApp-Bild-2025-08-16-um-21.31.43_996dbac3-576x1024.jpg\" alt=\"\" class=\"wp-image-13090\" srcset=\"https:\/\/www.albverein-bergatreute.de\/zeltlager\/wp-content\/uploads\/sites\/7\/2025\/08\/WhatsApp-Bild-2025-08-16-um-21.31.43_996dbac3-576x1024.jpg 576w, https:\/\/www.albverein-bergatreute.de\/zeltlager\/wp-content\/uploads\/sites\/7\/2025\/08\/WhatsApp-Bild-2025-08-16-um-21.31.43_996dbac3-169x300.jpg 169w, https:\/\/www.albverein-bergatreute.de\/zeltlager\/wp-content\/uploads\/sites\/7\/2025\/08\/WhatsApp-Bild-2025-08-16-um-21.31.43_996dbac3-768x1365.jpg 768w, https:\/\/www.albverein-bergatreute.de\/zeltlager\/wp-content\/uploads\/sites\/7\/2025\/08\/WhatsApp-Bild-2025-08-16-um-21.31.43_996dbac3-864x1536.jpg 864w, https:\/\/www.albverein-bergatreute.de\/zeltlager\/wp-content\/uploads\/sites\/7\/2025\/08\/WhatsApp-Bild-2025-08-16-um-21.31.43_996dbac3.jpg 900w\" sizes=\"auto, (max-width: 576px) 100vw, 576px\" \/><figcaption class=\"wp-element-caption\">Die Gl\u00fccksfee Luisa und der Notar, der die Verlosung \u00fcberwacht.<\/figcaption><\/figure>\n\n\n\n<p><\/p>\n\n\n\n<figure class=\"wp-block-image size-large\"><img loading=\"lazy\" decoding=\"async\" width=\"576\" height=\"1024\" src=\"https:\/\/www.albverein-bergatreute.de\/zeltlager\/wp-content\/uploads\/sites\/7\/2025\/08\/WhatsApp-Bild-2025-08-16-um-21.31.47_5299746e-576x1024.jpg\" alt=\"\" class=\"wp-image-13091\" srcset=\"https:\/\/www.albverein-bergatreute.de\/zeltlager\/wp-content\/uploads\/sites\/7\/2025\/08\/WhatsApp-Bild-2025-08-16-um-21.31.47_5299746e-576x1024.jpg 576w, https:\/\/www.albverein-bergatreute.de\/zeltlager\/wp-content\/uploads\/sites\/7\/2025\/08\/WhatsApp-Bild-2025-08-16-um-21.31.47_5299746e-169x300.jpg 169w, https:\/\/www.albverein-bergatreute.de\/zeltlager\/wp-content\/uploads\/sites\/7\/2025\/08\/WhatsApp-Bild-2025-08-16-um-21.31.47_5299746e-768x1365.jpg 768w, https:\/\/www.albverein-bergatreute.de\/zeltlager\/wp-content\/uploads\/sites\/7\/2025\/08\/WhatsApp-Bild-2025-08-16-um-21.31.47_5299746e-864x1536.jpg 864w, https:\/\/www.albverein-bergatreute.de\/zeltlager\/wp-content\/uploads\/sites\/7\/2025\/08\/WhatsApp-Bild-2025-08-16-um-21.31.47_5299746e.jpg 900w\" sizes=\"auto, (max-width: 576px) 100vw, 576px\" \/><figcaption class=\"wp-element-caption\">Heute war Fortuna den Betreuern gn\u00e4dig, anders als letzte Woche.<\/figcaption><\/figure>\n\n\n\n<figure class=\"wp-block-image size-large\"><img loading=\"lazy\" decoding=\"async\" width=\"1024\" height=\"576\" src=\"https:\/\/www.albverein-bergatreute.de\/zeltlager\/wp-content\/uploads\/sites\/7\/2025\/08\/WhatsApp-Bild-2025-08-16-um-21.32.02_32cbfde8-1024x576.jpg\" alt=\"\" class=\"wp-image-13092\" srcset=\"https:\/\/www.albverein-bergatreute.de\/zeltlager\/wp-content\/uploads\/sites\/7\/2025\/08\/WhatsApp-Bild-2025-08-16-um-21.32.02_32cbfde8-1024x576.jpg 1024w, https:\/\/www.albverein-bergatreute.de\/zeltlager\/wp-content\/uploads\/sites\/7\/2025\/08\/WhatsApp-Bild-2025-08-16-um-21.32.02_32cbfde8-300x169.jpg 300w, https:\/\/www.albverein-bergatreute.de\/zeltlager\/wp-content\/uploads\/sites\/7\/2025\/08\/WhatsApp-Bild-2025-08-16-um-21.32.02_32cbfde8-768x432.jpg 768w, https:\/\/www.albverein-bergatreute.de\/zeltlager\/wp-content\/uploads\/sites\/7\/2025\/08\/WhatsApp-Bild-2025-08-16-um-21.32.02_32cbfde8-1536x864.jpg 1536w, https:\/\/www.albverein-bergatreute.de\/zeltlager\/wp-content\/uploads\/sites\/7\/2025\/08\/WhatsApp-Bild-2025-08-16-um-21.32.02_32cbfde8-1260x709.jpg 1260w, https:\/\/www.albverein-bergatreute.de\/zeltlager\/wp-content\/uploads\/sites\/7\/2025\/08\/WhatsApp-Bild-2025-08-16-um-21.32.02_32cbfde8-800x450.jpg 800w, https:\/\/www.albverein-bergatreute.de\/zeltlager\/wp-content\/uploads\/sites\/7\/2025\/08\/WhatsApp-Bild-2025-08-16-um-21.32.02_32cbfde8.jpg 1600w\" sizes=\"auto, (max-width: 1024px) 100vw, 1024px\" \/><\/figure>\n\n\n\n<p><\/p>\n","protected":false},"excerpt":{"rendered":"<p>Nach dem Singen des Buchseelieds war dann die Auslosung zum &#8222;Schlag die Betreuer&#8220; Die Teilnehmer fordern uns Betreuer heraus in Disziplinen, die sie&hellip;<\/p>\n","protected":false},"author":3,"featured_media":0,"comment_status":"open","ping_status":"closed","sticky":false,"template":"","format":"standard","meta":{"ngg_post_thumbnail":0,"footnotes":""},"categories":[1],"tags":[],"class_list":["post-13089","post","type-post","status-publish","format-standard","hentry","category-buchsee-blog"],"_links":{"self":[{"href":"https:\/\/www.albverein-bergatreute.de\/zeltlager\/wp-json\/wp\/v2\/posts\/13089","targetHints":{"allow":["GET"]}}],"collection":[{"href":"https:\/\/www.albverein-bergatreute.de\/zeltlager\/wp-json\/wp\/v2\/posts"}],"about":[{"href":"https:\/\/www.albverein-bergatreute.de\/zeltlager\/wp-json\/wp\/v2\/types\/post"}],"author":[{"embeddable":true,"href":"https:\/\/www.albverein-bergatreute.de\/zeltlager\/wp-json\/wp\/v2\/users\/3"}],"replies":[{"embeddable":true,"href":"https:\/\/www.albverein-bergatreute.de\/zeltlager\/wp-json\/wp\/v2\/comments?post=13089"}],"version-history":[{"count":2,"href":"https:\/\/www.albverein-bergatreute.de\/zeltlager\/wp-json\/wp\/v2\/posts\/13089\/revisions"}],"predecessor-version":[{"id":13094,"href":"https:\/\/www.albverein-bergatreute.de\/zeltlager\/wp-json\/wp\/v2\/posts\/13089\/revisions\/13094"}],"wp:attachment":[{"href":"https:\/\/www.albverein-bergatreute.de\/zeltlager\/wp-json\/wp\/v2\/media?parent=13089"}],"wp:term":[{"taxonomy":"category","embeddable":true,"href":"https:\/\/www.albverein-bergatreute.de\/zeltlager\/wp-json\/wp\/v2\/categories?post=13089"},{"taxonomy":"post_tag","embeddable":true,"href":"https:\/\/www.albverein-bergatreute.de\/zeltlager\/wp-json\/wp\/v2\/tags?post=13089"}],"curies":[{"name":"wp","href":"https:\/\/api.w.org\/{rel}","templated":true}]}}