{"id":13167,"date":"2025-08-18T12:16:29","date_gmt":"2025-08-18T10:16:29","guid":{"rendered":"https:\/\/www.albverein-bergatreute.de\/zeltlager\/?p=13167"},"modified":"2025-08-18T12:17:09","modified_gmt":"2025-08-18T10:17:09","slug":"lagerolympiade-sommerfest-badespass","status":"publish","type":"post","link":"https:\/\/www.albverein-bergatreute.de\/zeltlager\/2025\/08\/18\/lagerolympiade-sommerfest-badespass\/","title":{"rendered":"Lagerolympiade, Sommerfest, Badespa\u00df"},"content":{"rendered":"\n<p>Der Lagerleiter hat wenig Zeit zu bloggen. Er ist am Organisieren.<\/p>\n\n\n\n<p>Morgen ist Badespa\u00df am Ho\u00dfkircher See angesagt. Da muss ein Bus organisiert werden, der das ganze Zeltlager ins 15km entfernte Ho\u00dfkirch f\u00e4hrt. Muss der zwei mal fahren oder reicht einmal?<\/p>\n\n\n\n<p>Bekomme ich jetzt in der Urlaubszeit einen Bus mit 55 Pl\u00e4tzen? Oder gar einen mit 69? Was kostet der Spa\u00df? Er muss uns morgens nach Ho\u00dfkirch fahren und abends wieder zur\u00fcck. Da ist dann Filmabend.<\/p>\n\n\n\n<p>Was sagt der Betreiber des Freibads in Ho\u00dfkirch, wenn da 100 Leute kommen? D\u00fcrfen wir da Essen und Getr\u00e4nke reinnehmen? Der Lagerleiter f\u00e4hrt hin, um das alles abzuchecken.<\/p>\n\n\n\n<p>Dann wird der DLRG Bad Saulgau informiert. Die verst\u00e4rken dann ihre Mannschaft.<\/p>\n\n\n\n<p>Heute Abend ist Sommerfest, dazu sp\u00e4ter mehr.<\/p>\n\n\n\n<p>Es l\u00e4uft&#8230; bei uns!<\/p>\n\n\n\n<figure class=\"wp-block-image size-large\"><img loading=\"lazy\" decoding=\"async\" width=\"1024\" height=\"768\" src=\"https:\/\/www.albverein-bergatreute.de\/zeltlager\/wp-content\/uploads\/sites\/7\/2025\/08\/IMG_5058-1024x768.jpeg\" alt=\"\" class=\"wp-image-13168\" srcset=\"https:\/\/www.albverein-bergatreute.de\/zeltlager\/wp-content\/uploads\/sites\/7\/2025\/08\/IMG_5058-1024x768.jpeg 1024w, https:\/\/www.albverein-bergatreute.de\/zeltlager\/wp-content\/uploads\/sites\/7\/2025\/08\/IMG_5058-300x225.jpeg 300w, https:\/\/www.albverein-bergatreute.de\/zeltlager\/wp-content\/uploads\/sites\/7\/2025\/08\/IMG_5058-768x576.jpeg 768w, https:\/\/www.albverein-bergatreute.de\/zeltlager\/wp-content\/uploads\/sites\/7\/2025\/08\/IMG_5058-1536x1152.jpeg 1536w, https:\/\/www.albverein-bergatreute.de\/zeltlager\/wp-content\/uploads\/sites\/7\/2025\/08\/IMG_5058.jpeg 2048w\" sizes=\"auto, (max-width: 1024px) 100vw, 1024px\" \/><figcaption class=\"wp-element-caption\">Das erwartet uns morgen<\/figcaption><\/figure>\n","protected":false},"excerpt":{"rendered":"<p>Der Lagerleiter hat wenig Zeit zu bloggen. Er ist am Organisieren. Morgen ist Badespa\u00df am Ho\u00dfkircher See angesagt. Da muss ein Bus organisiert&hellip;<\/p>\n","protected":false},"author":3,"featured_media":0,"comment_status":"open","ping_status":"closed","sticky":false,"template":"","format":"standard","meta":{"ngg_post_thumbnail":0,"footnotes":""},"categories":[1],"tags":[],"class_list":["post-13167","post","type-post","status-publish","format-standard","hentry","category-buchsee-blog"],"_links":{"self":[{"href":"https:\/\/www.albverein-bergatreute.de\/zeltlager\/wp-json\/wp\/v2\/posts\/13167","targetHints":{"allow":["GET"]}}],"collection":[{"href":"https:\/\/www.albverein-bergatreute.de\/zeltlager\/wp-json\/wp\/v2\/posts"}],"about":[{"href":"https:\/\/www.albverein-bergatreute.de\/zeltlager\/wp-json\/wp\/v2\/types\/post"}],"author":[{"embeddable":true,"href":"https:\/\/www.albverein-bergatreute.de\/zeltlager\/wp-json\/wp\/v2\/users\/3"}],"replies":[{"embeddable":true,"href":"https:\/\/www.albverein-bergatreute.de\/zeltlager\/wp-json\/wp\/v2\/comments?post=13167"}],"version-history":[{"count":2,"href":"https:\/\/www.albverein-bergatreute.de\/zeltlager\/wp-json\/wp\/v2\/posts\/13167\/revisions"}],"predecessor-version":[{"id":13170,"href":"https:\/\/www.albverein-bergatreute.de\/zeltlager\/wp-json\/wp\/v2\/posts\/13167\/revisions\/13170"}],"wp:attachment":[{"href":"https:\/\/www.albverein-bergatreute.de\/zeltlager\/wp-json\/wp\/v2\/media?parent=13167"}],"wp:term":[{"taxonomy":"category","embeddable":true,"href":"https:\/\/www.albverein-bergatreute.de\/zeltlager\/wp-json\/wp\/v2\/categories?post=13167"},{"taxonomy":"post_tag","embeddable":true,"href":"https:\/\/www.albverein-bergatreute.de\/zeltlager\/wp-json\/wp\/v2\/tags?post=13167"}],"curies":[{"name":"wp","href":"https:\/\/api.w.org\/{rel}","templated":true}]}}