{"id":13184,"date":"2025-08-18T15:52:38","date_gmt":"2025-08-18T13:52:38","guid":{"rendered":"https:\/\/www.albverein-bergatreute.de\/zeltlager\/?p=13184"},"modified":"2025-08-18T15:52:38","modified_gmt":"2025-08-18T13:52:38","slug":"sommerfest-19","status":"publish","type":"post","link":"https:\/\/www.albverein-bergatreute.de\/zeltlager\/2025\/08\/18\/sommerfest-19\/","title":{"rendered":"Sommerfest"},"content":{"rendered":"\n<p>Heute ist Sommerfest. Die Kinder nennen es \u201e5-Cent-Fest\u201c. Es ist was besonderes. Ich hab da mal einen Text dazu geschrieben. Der kopiere ich hier rein.<\/p>\n\n\n\n<p>Beim Sommerfest geht es uns darum, eine Rummelplatzatmosph\u00e4re auf dem Platz herzustellen. Wir bauen Imbissbuden, Schie\u00dfbuden und Losbuden auf. Es gibt Waffeln, Pommes, Saftcocktails aus der Bar, eine Spielh\u00f6hle mit Roulette und Black Jack, Pizza, die nach Wunsch selbst belegt werden kann und vieles mehr.<\/p>\n\n\n\n<p>Im Schwabenland sagt man: \u201eWas nix koscht, isch nix!\u201c (Was nichts kostet, ist auch nichts wert).<\/p>\n\n\n\n<p>Deshalb kosten alle Speisen, alle Getr\u00e4nke, alle Attraktionen, die Lose, einfach alles \u2013 5 Cent!<\/p>\n\n\n\n<p>Deshalb nennen die Kinder das Sommerfest auch 5-Cent-Fest.<\/p>\n\n\n\n<p>Und weil wir manchmal fast \u00fcberkorrekt sind, bekommen die Kinder von uns vorab jeweils 25 Cent ausgeh\u00e4ndigt, als Startkapital sozusagen!<\/p>\n\n\n\n<p>Das 5-Cent-Fest ist gemeinsam mit dem Spiel \u201eSchlag die Betreuer\u201c einer der beliebtesten Programmpunkte des gesamten Zeltlagers.<\/p>\n","protected":false},"excerpt":{"rendered":"<p>Heute ist Sommerfest. Die Kinder nennen es \u201e5-Cent-Fest\u201c. Es ist was besonderes. Ich hab da mal einen Text dazu geschrieben. Der kopiere ich&hellip;<\/p>\n","protected":false},"author":3,"featured_media":0,"comment_status":"open","ping_status":"closed","sticky":false,"template":"","format":"standard","meta":{"ngg_post_thumbnail":0,"footnotes":""},"categories":[1],"tags":[],"class_list":["post-13184","post","type-post","status-publish","format-standard","hentry","category-buchsee-blog"],"_links":{"self":[{"href":"https:\/\/www.albverein-bergatreute.de\/zeltlager\/wp-json\/wp\/v2\/posts\/13184","targetHints":{"allow":["GET"]}}],"collection":[{"href":"https:\/\/www.albverein-bergatreute.de\/zeltlager\/wp-json\/wp\/v2\/posts"}],"about":[{"href":"https:\/\/www.albverein-bergatreute.de\/zeltlager\/wp-json\/wp\/v2\/types\/post"}],"author":[{"embeddable":true,"href":"https:\/\/www.albverein-bergatreute.de\/zeltlager\/wp-json\/wp\/v2\/users\/3"}],"replies":[{"embeddable":true,"href":"https:\/\/www.albverein-bergatreute.de\/zeltlager\/wp-json\/wp\/v2\/comments?post=13184"}],"version-history":[{"count":1,"href":"https:\/\/www.albverein-bergatreute.de\/zeltlager\/wp-json\/wp\/v2\/posts\/13184\/revisions"}],"predecessor-version":[{"id":13185,"href":"https:\/\/www.albverein-bergatreute.de\/zeltlager\/wp-json\/wp\/v2\/posts\/13184\/revisions\/13185"}],"wp:attachment":[{"href":"https:\/\/www.albverein-bergatreute.de\/zeltlager\/wp-json\/wp\/v2\/media?parent=13184"}],"wp:term":[{"taxonomy":"category","embeddable":true,"href":"https:\/\/www.albverein-bergatreute.de\/zeltlager\/wp-json\/wp\/v2\/categories?post=13184"},{"taxonomy":"post_tag","embeddable":true,"href":"https:\/\/www.albverein-bergatreute.de\/zeltlager\/wp-json\/wp\/v2\/tags?post=13184"}],"curies":[{"name":"wp","href":"https:\/\/api.w.org\/{rel}","templated":true}]}}