{"id":13187,"date":"2025-08-19T06:09:00","date_gmt":"2025-08-19T04:09:00","guid":{"rendered":"https:\/\/www.albverein-bergatreute.de\/zeltlager\/?p=13187"},"modified":"2025-08-18T16:18:38","modified_gmt":"2025-08-18T14:18:38","slug":"heute-ist-badetag","status":"publish","type":"post","link":"https:\/\/www.albverein-bergatreute.de\/zeltlager\/2025\/08\/19\/heute-ist-badetag\/","title":{"rendered":"Heute ist Badetag"},"content":{"rendered":"\n<p>Wir scheuen weder Kosten noch M\u00fchen&#8230;.<\/p>\n\n\n\n<p>Wir haben einen Omnibus gechartert. Der bringt die ganze Bande vom Buchsee zum K\u00f6nigeggsee nach Ho\u00dfkirch und abends wieder zur\u00fcck.<\/p>\n\n\n\n<p>F\u00fcr die Kinder ein sch\u00f6nes Erlebnis, weil ein wunderbarer Badesee mit Liegewiese und Kiosk und Toiletten und Umkleidekabinen und alles drum und dran auf sie wartet.<\/p>\n\n\n\n<p>F\u00fcr die Betreuer eine Herausforderung, weil ein Teil mit dem Auto, ein Teil mit dem Bus fahren muss. Dann m\u00fcssen Spielsachen und Getr\u00e4nke f\u00fcr 85 Personen transportiert werden.<\/p>\n\n\n\n<p>Mittags wird das Essen zum See gebracht.<\/p>\n\n\n\n<p>Vor der Fahrt m\u00fcssen wir noch eine Taschengeldausgabe machen, damit sich die Kinder dann am Kiosk ein Eis kaufen k\u00f6nnen. Das Baden muss st\u00e4ndig \u00fcberwacht werden und zum Schluss muss man alle und alles wieder zusammentragen und mit dem Bus zur\u00fcckbringen.<\/p>\n\n\n\n<p>Aber was tut man nicht alles&#8230;.<\/p>\n\n\n\n<p>Abends ist dann daf\u00fcr ein entspannter Filmabend. <\/p>\n","protected":false},"excerpt":{"rendered":"<p>Wir scheuen weder Kosten noch M\u00fchen&#8230;. Wir haben einen Omnibus gechartert. Der bringt die ganze Bande vom Buchsee zum K\u00f6nigeggsee nach Ho\u00dfkirch und&hellip;<\/p>\n","protected":false},"author":3,"featured_media":0,"comment_status":"open","ping_status":"closed","sticky":false,"template":"","format":"standard","meta":{"ngg_post_thumbnail":0,"footnotes":""},"categories":[1],"tags":[],"class_list":["post-13187","post","type-post","status-publish","format-standard","hentry","category-buchsee-blog"],"_links":{"self":[{"href":"https:\/\/www.albverein-bergatreute.de\/zeltlager\/wp-json\/wp\/v2\/posts\/13187","targetHints":{"allow":["GET"]}}],"collection":[{"href":"https:\/\/www.albverein-bergatreute.de\/zeltlager\/wp-json\/wp\/v2\/posts"}],"about":[{"href":"https:\/\/www.albverein-bergatreute.de\/zeltlager\/wp-json\/wp\/v2\/types\/post"}],"author":[{"embeddable":true,"href":"https:\/\/www.albverein-bergatreute.de\/zeltlager\/wp-json\/wp\/v2\/users\/3"}],"replies":[{"embeddable":true,"href":"https:\/\/www.albverein-bergatreute.de\/zeltlager\/wp-json\/wp\/v2\/comments?post=13187"}],"version-history":[{"count":1,"href":"https:\/\/www.albverein-bergatreute.de\/zeltlager\/wp-json\/wp\/v2\/posts\/13187\/revisions"}],"predecessor-version":[{"id":13188,"href":"https:\/\/www.albverein-bergatreute.de\/zeltlager\/wp-json\/wp\/v2\/posts\/13187\/revisions\/13188"}],"wp:attachment":[{"href":"https:\/\/www.albverein-bergatreute.de\/zeltlager\/wp-json\/wp\/v2\/media?parent=13187"}],"wp:term":[{"taxonomy":"category","embeddable":true,"href":"https:\/\/www.albverein-bergatreute.de\/zeltlager\/wp-json\/wp\/v2\/categories?post=13187"},{"taxonomy":"post_tag","embeddable":true,"href":"https:\/\/www.albverein-bergatreute.de\/zeltlager\/wp-json\/wp\/v2\/tags?post=13187"}],"curies":[{"name":"wp","href":"https:\/\/api.w.org\/{rel}","templated":true}]}}