{"id":13241,"date":"2025-08-19T21:19:54","date_gmt":"2025-08-19T19:19:54","guid":{"rendered":"https:\/\/www.albverein-bergatreute.de\/zeltlager\/?p=13241"},"modified":"2025-08-19T21:19:54","modified_gmt":"2025-08-19T19:19:54","slug":"filmabend-6","status":"publish","type":"post","link":"https:\/\/www.albverein-bergatreute.de\/zeltlager\/2025\/08\/19\/filmabend-6\/","title":{"rendered":"Filmabend"},"content":{"rendered":"\n<p>Einmal in zwei Wochen machen wir einen Kinoabend.<\/p>\n\n\n\n<p>Urspr\u00fcnglich war er als Schlechtwetteralternative im gro\u00dfen Zelt gedacht, bis wie dann feststellten, dass es bei einer warmen Sommernacht im Freien noch sch\u00f6ner ist.<\/p>\n\n\n\n<p>Und da wir dieses Jahr bisher kein schlechtes Wetter hatten und die Disco morgen bei jedem Wetter stattfinden kann, haben wir uns entschlossen, heute ein Freilichtkino zu installieren.<\/p>\n\n\n\n<figure class=\"wp-block-image size-large\"><img loading=\"lazy\" decoding=\"async\" width=\"1024\" height=\"768\" src=\"https:\/\/www.albverein-bergatreute.de\/zeltlager\/wp-content\/uploads\/sites\/7\/2025\/08\/IMG_5078-1024x768.jpeg\" alt=\"\" class=\"wp-image-13242\" srcset=\"https:\/\/www.albverein-bergatreute.de\/zeltlager\/wp-content\/uploads\/sites\/7\/2025\/08\/IMG_5078-1024x768.jpeg 1024w, https:\/\/www.albverein-bergatreute.de\/zeltlager\/wp-content\/uploads\/sites\/7\/2025\/08\/IMG_5078-300x225.jpeg 300w, https:\/\/www.albverein-bergatreute.de\/zeltlager\/wp-content\/uploads\/sites\/7\/2025\/08\/IMG_5078-768x576.jpeg 768w, https:\/\/www.albverein-bergatreute.de\/zeltlager\/wp-content\/uploads\/sites\/7\/2025\/08\/IMG_5078-1536x1152.jpeg 1536w, https:\/\/www.albverein-bergatreute.de\/zeltlager\/wp-content\/uploads\/sites\/7\/2025\/08\/IMG_5078.jpeg 2048w\" sizes=\"auto, (max-width: 1024px) 100vw, 1024px\" \/><\/figure>\n\n\n\n<p><\/p>\n\n\n\n<figure class=\"wp-block-image size-large\"><img loading=\"lazy\" decoding=\"async\" width=\"1024\" height=\"768\" src=\"https:\/\/www.albverein-bergatreute.de\/zeltlager\/wp-content\/uploads\/sites\/7\/2025\/08\/IMG_5079-1024x768.jpeg\" alt=\"\" class=\"wp-image-13243\" srcset=\"https:\/\/www.albverein-bergatreute.de\/zeltlager\/wp-content\/uploads\/sites\/7\/2025\/08\/IMG_5079-1024x768.jpeg 1024w, https:\/\/www.albverein-bergatreute.de\/zeltlager\/wp-content\/uploads\/sites\/7\/2025\/08\/IMG_5079-300x225.jpeg 300w, https:\/\/www.albverein-bergatreute.de\/zeltlager\/wp-content\/uploads\/sites\/7\/2025\/08\/IMG_5079-768x576.jpeg 768w, https:\/\/www.albverein-bergatreute.de\/zeltlager\/wp-content\/uploads\/sites\/7\/2025\/08\/IMG_5079-1536x1152.jpeg 1536w, https:\/\/www.albverein-bergatreute.de\/zeltlager\/wp-content\/uploads\/sites\/7\/2025\/08\/IMG_5079.jpeg 2048w\" sizes=\"auto, (max-width: 1024px) 100vw, 1024px\" \/><\/figure>\n\n\n\n<p><\/p>\n\n\n\n<figure class=\"wp-block-image size-large\"><img loading=\"lazy\" decoding=\"async\" width=\"1024\" height=\"768\" src=\"https:\/\/www.albverein-bergatreute.de\/zeltlager\/wp-content\/uploads\/sites\/7\/2025\/08\/IMG_5080-1024x768.jpeg\" alt=\"\" class=\"wp-image-13244\" srcset=\"https:\/\/www.albverein-bergatreute.de\/zeltlager\/wp-content\/uploads\/sites\/7\/2025\/08\/IMG_5080-1024x768.jpeg 1024w, https:\/\/www.albverein-bergatreute.de\/zeltlager\/wp-content\/uploads\/sites\/7\/2025\/08\/IMG_5080-300x225.jpeg 300w, https:\/\/www.albverein-bergatreute.de\/zeltlager\/wp-content\/uploads\/sites\/7\/2025\/08\/IMG_5080-768x576.jpeg 768w, https:\/\/www.albverein-bergatreute.de\/zeltlager\/wp-content\/uploads\/sites\/7\/2025\/08\/IMG_5080-1536x1152.jpeg 1536w, https:\/\/www.albverein-bergatreute.de\/zeltlager\/wp-content\/uploads\/sites\/7\/2025\/08\/IMG_5080.jpeg 2048w\" sizes=\"auto, (max-width: 1024px) 100vw, 1024px\" \/><\/figure>\n\n\n\n<p><\/p>\n\n\n\n<figure class=\"wp-block-image size-large\"><img loading=\"lazy\" decoding=\"async\" width=\"1024\" height=\"768\" src=\"https:\/\/www.albverein-bergatreute.de\/zeltlager\/wp-content\/uploads\/sites\/7\/2025\/08\/IMG_5081-1024x768.jpeg\" alt=\"\" class=\"wp-image-13245\" srcset=\"https:\/\/www.albverein-bergatreute.de\/zeltlager\/wp-content\/uploads\/sites\/7\/2025\/08\/IMG_5081-1024x768.jpeg 1024w, https:\/\/www.albverein-bergatreute.de\/zeltlager\/wp-content\/uploads\/sites\/7\/2025\/08\/IMG_5081-300x225.jpeg 300w, https:\/\/www.albverein-bergatreute.de\/zeltlager\/wp-content\/uploads\/sites\/7\/2025\/08\/IMG_5081-768x576.jpeg 768w, https:\/\/www.albverein-bergatreute.de\/zeltlager\/wp-content\/uploads\/sites\/7\/2025\/08\/IMG_5081-1536x1152.jpeg 1536w, https:\/\/www.albverein-bergatreute.de\/zeltlager\/wp-content\/uploads\/sites\/7\/2025\/08\/IMG_5081.jpeg 2048w\" sizes=\"auto, (max-width: 1024px) 100vw, 1024px\" \/><\/figure>\n\n\n\n<p><\/p>\n\n\n\n<figure class=\"wp-block-image size-large\"><img loading=\"lazy\" decoding=\"async\" width=\"1024\" height=\"768\" src=\"https:\/\/www.albverein-bergatreute.de\/zeltlager\/wp-content\/uploads\/sites\/7\/2025\/08\/IMG_5082-1024x768.jpeg\" alt=\"\" class=\"wp-image-13246\" srcset=\"https:\/\/www.albverein-bergatreute.de\/zeltlager\/wp-content\/uploads\/sites\/7\/2025\/08\/IMG_5082-1024x768.jpeg 1024w, https:\/\/www.albverein-bergatreute.de\/zeltlager\/wp-content\/uploads\/sites\/7\/2025\/08\/IMG_5082-300x225.jpeg 300w, https:\/\/www.albverein-bergatreute.de\/zeltlager\/wp-content\/uploads\/sites\/7\/2025\/08\/IMG_5082-768x576.jpeg 768w, https:\/\/www.albverein-bergatreute.de\/zeltlager\/wp-content\/uploads\/sites\/7\/2025\/08\/IMG_5082-1536x1152.jpeg 1536w, https:\/\/www.albverein-bergatreute.de\/zeltlager\/wp-content\/uploads\/sites\/7\/2025\/08\/IMG_5082.jpeg 2048w\" sizes=\"auto, (max-width: 1024px) 100vw, 1024px\" \/><\/figure>\n\n\n\n<p><\/p>\n\n\n\n<figure class=\"wp-block-image size-large\"><img loading=\"lazy\" decoding=\"async\" width=\"1024\" height=\"768\" src=\"https:\/\/www.albverein-bergatreute.de\/zeltlager\/wp-content\/uploads\/sites\/7\/2025\/08\/IMG_5083-1-1024x768.jpeg\" alt=\"\" class=\"wp-image-13247\" srcset=\"https:\/\/www.albverein-bergatreute.de\/zeltlager\/wp-content\/uploads\/sites\/7\/2025\/08\/IMG_5083-1-1024x768.jpeg 1024w, https:\/\/www.albverein-bergatreute.de\/zeltlager\/wp-content\/uploads\/sites\/7\/2025\/08\/IMG_5083-1-300x225.jpeg 300w, https:\/\/www.albverein-bergatreute.de\/zeltlager\/wp-content\/uploads\/sites\/7\/2025\/08\/IMG_5083-1-768x576.jpeg 768w, https:\/\/www.albverein-bergatreute.de\/zeltlager\/wp-content\/uploads\/sites\/7\/2025\/08\/IMG_5083-1-1536x1152.jpeg 1536w, https:\/\/www.albverein-bergatreute.de\/zeltlager\/wp-content\/uploads\/sites\/7\/2025\/08\/IMG_5083-1.jpeg 2048w\" sizes=\"auto, (max-width: 1024px) 100vw, 1024px\" \/><\/figure>\n\n\n\n<p><\/p>\n\n\n\n<figure class=\"wp-block-image size-large\"><img loading=\"lazy\" decoding=\"async\" width=\"1024\" height=\"768\" src=\"https:\/\/www.albverein-bergatreute.de\/zeltlager\/wp-content\/uploads\/sites\/7\/2025\/08\/IMG_5084-1024x768.jpeg\" alt=\"\" class=\"wp-image-13248\" srcset=\"https:\/\/www.albverein-bergatreute.de\/zeltlager\/wp-content\/uploads\/sites\/7\/2025\/08\/IMG_5084-1024x768.jpeg 1024w, https:\/\/www.albverein-bergatreute.de\/zeltlager\/wp-content\/uploads\/sites\/7\/2025\/08\/IMG_5084-300x225.jpeg 300w, https:\/\/www.albverein-bergatreute.de\/zeltlager\/wp-content\/uploads\/sites\/7\/2025\/08\/IMG_5084-768x576.jpeg 768w, https:\/\/www.albverein-bergatreute.de\/zeltlager\/wp-content\/uploads\/sites\/7\/2025\/08\/IMG_5084-1536x1152.jpeg 1536w, https:\/\/www.albverein-bergatreute.de\/zeltlager\/wp-content\/uploads\/sites\/7\/2025\/08\/IMG_5084.jpeg 2048w\" sizes=\"auto, (max-width: 1024px) 100vw, 1024px\" \/><\/figure>\n","protected":false},"excerpt":{"rendered":"<p>Einmal in zwei Wochen machen wir einen Kinoabend. Urspr\u00fcnglich war er als Schlechtwetteralternative im gro\u00dfen Zelt gedacht, bis wie dann feststellten, dass es&hellip;<\/p>\n","protected":false},"author":3,"featured_media":0,"comment_status":"open","ping_status":"closed","sticky":false,"template":"","format":"standard","meta":{"ngg_post_thumbnail":0,"footnotes":""},"categories":[1],"tags":[],"class_list":["post-13241","post","type-post","status-publish","format-standard","hentry","category-buchsee-blog"],"_links":{"self":[{"href":"https:\/\/www.albverein-bergatreute.de\/zeltlager\/wp-json\/wp\/v2\/posts\/13241","targetHints":{"allow":["GET"]}}],"collection":[{"href":"https:\/\/www.albverein-bergatreute.de\/zeltlager\/wp-json\/wp\/v2\/posts"}],"about":[{"href":"https:\/\/www.albverein-bergatreute.de\/zeltlager\/wp-json\/wp\/v2\/types\/post"}],"author":[{"embeddable":true,"href":"https:\/\/www.albverein-bergatreute.de\/zeltlager\/wp-json\/wp\/v2\/users\/3"}],"replies":[{"embeddable":true,"href":"https:\/\/www.albverein-bergatreute.de\/zeltlager\/wp-json\/wp\/v2\/comments?post=13241"}],"version-history":[{"count":1,"href":"https:\/\/www.albverein-bergatreute.de\/zeltlager\/wp-json\/wp\/v2\/posts\/13241\/revisions"}],"predecessor-version":[{"id":13249,"href":"https:\/\/www.albverein-bergatreute.de\/zeltlager\/wp-json\/wp\/v2\/posts\/13241\/revisions\/13249"}],"wp:attachment":[{"href":"https:\/\/www.albverein-bergatreute.de\/zeltlager\/wp-json\/wp\/v2\/media?parent=13241"}],"wp:term":[{"taxonomy":"category","embeddable":true,"href":"https:\/\/www.albverein-bergatreute.de\/zeltlager\/wp-json\/wp\/v2\/categories?post=13241"},{"taxonomy":"post_tag","embeddable":true,"href":"https:\/\/www.albverein-bergatreute.de\/zeltlager\/wp-json\/wp\/v2\/tags?post=13241"}],"curies":[{"name":"wp","href":"https:\/\/api.w.org\/{rel}","templated":true}]}}