{"id":13253,"date":"2025-08-20T08:28:13","date_gmt":"2025-08-20T06:28:13","guid":{"rendered":"https:\/\/www.albverein-bergatreute.de\/zeltlager\/?p=13253"},"modified":"2025-08-20T08:29:12","modified_gmt":"2025-08-20T06:29:12","slug":"zeit-fuer-bloedsinn-ist-immer","status":"publish","type":"post","link":"https:\/\/www.albverein-bergatreute.de\/zeltlager\/2025\/08\/20\/zeit-fuer-bloedsinn-ist-immer\/","title":{"rendered":"Zeit f\u00fcr Bl\u00f6dsinn ist immer Zeit"},"content":{"rendered":"\n<figure class=\"wp-block-image size-large\"><img loading=\"lazy\" decoding=\"async\" width=\"768\" height=\"1024\" src=\"https:\/\/www.albverein-bergatreute.de\/zeltlager\/wp-content\/uploads\/sites\/7\/2025\/08\/IMG_5045-768x1024.jpeg\" alt=\"\" class=\"wp-image-13254\" srcset=\"https:\/\/www.albverein-bergatreute.de\/zeltlager\/wp-content\/uploads\/sites\/7\/2025\/08\/IMG_5045-768x1024.jpeg 768w, https:\/\/www.albverein-bergatreute.de\/zeltlager\/wp-content\/uploads\/sites\/7\/2025\/08\/IMG_5045-225x300.jpeg 225w, https:\/\/www.albverein-bergatreute.de\/zeltlager\/wp-content\/uploads\/sites\/7\/2025\/08\/IMG_5045-1152x1536.jpeg 1152w, https:\/\/www.albverein-bergatreute.de\/zeltlager\/wp-content\/uploads\/sites\/7\/2025\/08\/IMG_5045.jpeg 1536w\" sizes=\"auto, (max-width: 768px) 100vw, 768px\" \/><figcaption class=\"wp-element-caption\">Unsere Zeltlagerfahne war auch schon oft das Ziel der Begierde anderer Zeltlager.<br>Heute ist dieses seltsame &#8222;Spiel&#8220;, anderen die Fahne klauen zu wollen, zum Gl\u00fcck aus der Mode gekommen. Wir haben die Fahne aber auch in Zeiten t\u00e4glicher bzw. n\u00e4chtlicher \u00dcberf\u00e4lle immer verteidigt. Sie hat in fast 50 Jahren nie das Zeltlager verlassen.<\/figcaption><\/figure>\n\n\n\n<figure class=\"wp-block-image size-large\"><img loading=\"lazy\" decoding=\"async\" width=\"772\" height=\"1024\" src=\"https:\/\/www.albverein-bergatreute.de\/zeltlager\/wp-content\/uploads\/sites\/7\/2025\/08\/WhatsApp-Bild-2025-08-17-um-10.03.25_b7a93158-772x1024.jpg\" alt=\"\" class=\"wp-image-13256\" srcset=\"https:\/\/www.albverein-bergatreute.de\/zeltlager\/wp-content\/uploads\/sites\/7\/2025\/08\/WhatsApp-Bild-2025-08-17-um-10.03.25_b7a93158-772x1024.jpg 772w, https:\/\/www.albverein-bergatreute.de\/zeltlager\/wp-content\/uploads\/sites\/7\/2025\/08\/WhatsApp-Bild-2025-08-17-um-10.03.25_b7a93158-226x300.jpg 226w, https:\/\/www.albverein-bergatreute.de\/zeltlager\/wp-content\/uploads\/sites\/7\/2025\/08\/WhatsApp-Bild-2025-08-17-um-10.03.25_b7a93158-768x1019.jpg 768w, https:\/\/www.albverein-bergatreute.de\/zeltlager\/wp-content\/uploads\/sites\/7\/2025\/08\/WhatsApp-Bild-2025-08-17-um-10.03.25_b7a93158.jpg 813w\" sizes=\"auto, (max-width: 772px) 100vw, 772px\" \/><figcaption class=\"wp-element-caption\">Unsere Betreuer haben den Klappstuhl ausgegraben.<\/figcaption><\/figure>\n","protected":false},"excerpt":{"rendered":"","protected":false},"author":3,"featured_media":0,"comment_status":"open","ping_status":"closed","sticky":false,"template":"","format":"standard","meta":{"ngg_post_thumbnail":0,"footnotes":""},"categories":[1],"tags":[],"class_list":["post-13253","post","type-post","status-publish","format-standard","hentry","category-buchsee-blog"],"_links":{"self":[{"href":"https:\/\/www.albverein-bergatreute.de\/zeltlager\/wp-json\/wp\/v2\/posts\/13253","targetHints":{"allow":["GET"]}}],"collection":[{"href":"https:\/\/www.albverein-bergatreute.de\/zeltlager\/wp-json\/wp\/v2\/posts"}],"about":[{"href":"https:\/\/www.albverein-bergatreute.de\/zeltlager\/wp-json\/wp\/v2\/types\/post"}],"author":[{"embeddable":true,"href":"https:\/\/www.albverein-bergatreute.de\/zeltlager\/wp-json\/wp\/v2\/users\/3"}],"replies":[{"embeddable":true,"href":"https:\/\/www.albverein-bergatreute.de\/zeltlager\/wp-json\/wp\/v2\/comments?post=13253"}],"version-history":[{"count":3,"href":"https:\/\/www.albverein-bergatreute.de\/zeltlager\/wp-json\/wp\/v2\/posts\/13253\/revisions"}],"predecessor-version":[{"id":13259,"href":"https:\/\/www.albverein-bergatreute.de\/zeltlager\/wp-json\/wp\/v2\/posts\/13253\/revisions\/13259"}],"wp:attachment":[{"href":"https:\/\/www.albverein-bergatreute.de\/zeltlager\/wp-json\/wp\/v2\/media?parent=13253"}],"wp:term":[{"taxonomy":"category","embeddable":true,"href":"https:\/\/www.albverein-bergatreute.de\/zeltlager\/wp-json\/wp\/v2\/categories?post=13253"},{"taxonomy":"post_tag","embeddable":true,"href":"https:\/\/www.albverein-bergatreute.de\/zeltlager\/wp-json\/wp\/v2\/tags?post=13253"}],"curies":[{"name":"wp","href":"https:\/\/api.w.org\/{rel}","templated":true}]}}