{"id":13314,"date":"2025-08-21T15:21:17","date_gmt":"2025-08-21T13:21:17","guid":{"rendered":"https:\/\/www.albverein-bergatreute.de\/zeltlager\/?p=13314"},"modified":"2025-08-21T15:21:17","modified_gmt":"2025-08-21T13:21:17","slug":"ratespiel-im-grossen-zelt","status":"publish","type":"post","link":"https:\/\/www.albverein-bergatreute.de\/zeltlager\/2025\/08\/21\/ratespiel-im-grossen-zelt\/","title":{"rendered":"Ratespiel im gro\u00dfen Zelt"},"content":{"rendered":"\n<p>Was wir auch anbieten. Die Kinder sind so aufgeschlossen und positiv eingestellt, dass sie unsere Angebote annehmen und sehr gut mitarbeiten.<\/p>\n\n\n\n<p>Es ist f\u00fcr die Betreuer sehr viel leichter, wenn sie sich nicht durchsetzen m\u00fcssen, sondern wenn alle Spa\u00df haben.<\/p>\n\n\n\n<p>Wir haben ein echt kameradschaftliches Verh\u00e4ltnis.<\/p>\n\n\n\n<figure class=\"wp-block-image size-large\"><img loading=\"lazy\" decoding=\"async\" width=\"1024\" height=\"768\" src=\"https:\/\/www.albverein-bergatreute.de\/zeltlager\/wp-content\/uploads\/sites\/7\/2025\/08\/IMG_5103-1024x768.jpeg\" alt=\"\" class=\"wp-image-13315\" srcset=\"https:\/\/www.albverein-bergatreute.de\/zeltlager\/wp-content\/uploads\/sites\/7\/2025\/08\/IMG_5103-1024x768.jpeg 1024w, https:\/\/www.albverein-bergatreute.de\/zeltlager\/wp-content\/uploads\/sites\/7\/2025\/08\/IMG_5103-300x225.jpeg 300w, https:\/\/www.albverein-bergatreute.de\/zeltlager\/wp-content\/uploads\/sites\/7\/2025\/08\/IMG_5103-768x576.jpeg 768w, https:\/\/www.albverein-bergatreute.de\/zeltlager\/wp-content\/uploads\/sites\/7\/2025\/08\/IMG_5103-1536x1152.jpeg 1536w, https:\/\/www.albverein-bergatreute.de\/zeltlager\/wp-content\/uploads\/sites\/7\/2025\/08\/IMG_5103.jpeg 2048w\" sizes=\"auto, (max-width: 1024px) 100vw, 1024px\" \/><\/figure>\n\n\n\n<p><\/p>\n\n\n\n<figure class=\"wp-block-image size-large\"><img loading=\"lazy\" decoding=\"async\" width=\"1024\" height=\"768\" src=\"https:\/\/www.albverein-bergatreute.de\/zeltlager\/wp-content\/uploads\/sites\/7\/2025\/08\/IMG_5104-1024x768.jpeg\" alt=\"\" class=\"wp-image-13316\" srcset=\"https:\/\/www.albverein-bergatreute.de\/zeltlager\/wp-content\/uploads\/sites\/7\/2025\/08\/IMG_5104-1024x768.jpeg 1024w, https:\/\/www.albverein-bergatreute.de\/zeltlager\/wp-content\/uploads\/sites\/7\/2025\/08\/IMG_5104-300x225.jpeg 300w, https:\/\/www.albverein-bergatreute.de\/zeltlager\/wp-content\/uploads\/sites\/7\/2025\/08\/IMG_5104-768x576.jpeg 768w, https:\/\/www.albverein-bergatreute.de\/zeltlager\/wp-content\/uploads\/sites\/7\/2025\/08\/IMG_5104-1536x1152.jpeg 1536w, https:\/\/www.albverein-bergatreute.de\/zeltlager\/wp-content\/uploads\/sites\/7\/2025\/08\/IMG_5104.jpeg 2048w\" sizes=\"auto, (max-width: 1024px) 100vw, 1024px\" \/><\/figure>\n\n\n\n<p><\/p>\n\n\n\n<figure class=\"wp-block-image size-large\"><img loading=\"lazy\" decoding=\"async\" width=\"1024\" height=\"768\" src=\"https:\/\/www.albverein-bergatreute.de\/zeltlager\/wp-content\/uploads\/sites\/7\/2025\/08\/IMG_5105-1024x768.jpeg\" alt=\"\" class=\"wp-image-13317\" srcset=\"https:\/\/www.albverein-bergatreute.de\/zeltlager\/wp-content\/uploads\/sites\/7\/2025\/08\/IMG_5105-1024x768.jpeg 1024w, https:\/\/www.albverein-bergatreute.de\/zeltlager\/wp-content\/uploads\/sites\/7\/2025\/08\/IMG_5105-300x225.jpeg 300w, https:\/\/www.albverein-bergatreute.de\/zeltlager\/wp-content\/uploads\/sites\/7\/2025\/08\/IMG_5105-768x576.jpeg 768w, https:\/\/www.albverein-bergatreute.de\/zeltlager\/wp-content\/uploads\/sites\/7\/2025\/08\/IMG_5105-1536x1152.jpeg 1536w, https:\/\/www.albverein-bergatreute.de\/zeltlager\/wp-content\/uploads\/sites\/7\/2025\/08\/IMG_5105.jpeg 2048w\" sizes=\"auto, (max-width: 1024px) 100vw, 1024px\" \/><\/figure>\n\n\n\n<p><\/p>\n\n\n\n<figure class=\"wp-block-image size-large\"><img loading=\"lazy\" decoding=\"async\" width=\"1024\" height=\"768\" src=\"https:\/\/www.albverein-bergatreute.de\/zeltlager\/wp-content\/uploads\/sites\/7\/2025\/08\/IMG_5106-1024x768.jpeg\" alt=\"\" class=\"wp-image-13318\" srcset=\"https:\/\/www.albverein-bergatreute.de\/zeltlager\/wp-content\/uploads\/sites\/7\/2025\/08\/IMG_5106-1024x768.jpeg 1024w, https:\/\/www.albverein-bergatreute.de\/zeltlager\/wp-content\/uploads\/sites\/7\/2025\/08\/IMG_5106-300x225.jpeg 300w, https:\/\/www.albverein-bergatreute.de\/zeltlager\/wp-content\/uploads\/sites\/7\/2025\/08\/IMG_5106-768x576.jpeg 768w, https:\/\/www.albverein-bergatreute.de\/zeltlager\/wp-content\/uploads\/sites\/7\/2025\/08\/IMG_5106-1536x1152.jpeg 1536w, https:\/\/www.albverein-bergatreute.de\/zeltlager\/wp-content\/uploads\/sites\/7\/2025\/08\/IMG_5106.jpeg 2048w\" sizes=\"auto, (max-width: 1024px) 100vw, 1024px\" \/><\/figure>\n\n\n\n<p><\/p>\n\n\n\n<figure class=\"wp-block-image size-large\"><img loading=\"lazy\" decoding=\"async\" width=\"1024\" height=\"768\" src=\"https:\/\/www.albverein-bergatreute.de\/zeltlager\/wp-content\/uploads\/sites\/7\/2025\/08\/IMG_5107-1-1024x768.jpeg\" alt=\"\" class=\"wp-image-13319\" srcset=\"https:\/\/www.albverein-bergatreute.de\/zeltlager\/wp-content\/uploads\/sites\/7\/2025\/08\/IMG_5107-1-1024x768.jpeg 1024w, https:\/\/www.albverein-bergatreute.de\/zeltlager\/wp-content\/uploads\/sites\/7\/2025\/08\/IMG_5107-1-300x225.jpeg 300w, https:\/\/www.albverein-bergatreute.de\/zeltlager\/wp-content\/uploads\/sites\/7\/2025\/08\/IMG_5107-1-768x576.jpeg 768w, https:\/\/www.albverein-bergatreute.de\/zeltlager\/wp-content\/uploads\/sites\/7\/2025\/08\/IMG_5107-1-1536x1152.jpeg 1536w, https:\/\/www.albverein-bergatreute.de\/zeltlager\/wp-content\/uploads\/sites\/7\/2025\/08\/IMG_5107-1.jpeg 2048w\" sizes=\"auto, (max-width: 1024px) 100vw, 1024px\" \/><\/figure>\n\n\n\n<p><\/p>\n\n\n\n<figure class=\"wp-block-image size-large\"><img loading=\"lazy\" decoding=\"async\" width=\"1024\" height=\"768\" src=\"https:\/\/www.albverein-bergatreute.de\/zeltlager\/wp-content\/uploads\/sites\/7\/2025\/08\/IMG_5108-1024x768.jpeg\" alt=\"\" class=\"wp-image-13320\" srcset=\"https:\/\/www.albverein-bergatreute.de\/zeltlager\/wp-content\/uploads\/sites\/7\/2025\/08\/IMG_5108-1024x768.jpeg 1024w, https:\/\/www.albverein-bergatreute.de\/zeltlager\/wp-content\/uploads\/sites\/7\/2025\/08\/IMG_5108-300x225.jpeg 300w, https:\/\/www.albverein-bergatreute.de\/zeltlager\/wp-content\/uploads\/sites\/7\/2025\/08\/IMG_5108-768x576.jpeg 768w, https:\/\/www.albverein-bergatreute.de\/zeltlager\/wp-content\/uploads\/sites\/7\/2025\/08\/IMG_5108-1536x1152.jpeg 1536w, https:\/\/www.albverein-bergatreute.de\/zeltlager\/wp-content\/uploads\/sites\/7\/2025\/08\/IMG_5108.jpeg 2048w\" sizes=\"auto, (max-width: 1024px) 100vw, 1024px\" \/><\/figure>\n","protected":false},"excerpt":{"rendered":"<p>Was wir auch anbieten. Die Kinder sind so aufgeschlossen und positiv eingestellt, dass sie unsere Angebote annehmen und sehr gut mitarbeiten. Es ist&hellip;<\/p>\n","protected":false},"author":3,"featured_media":0,"comment_status":"open","ping_status":"closed","sticky":false,"template":"","format":"standard","meta":{"ngg_post_thumbnail":0,"footnotes":""},"categories":[1],"tags":[],"class_list":["post-13314","post","type-post","status-publish","format-standard","hentry","category-buchsee-blog"],"_links":{"self":[{"href":"https:\/\/www.albverein-bergatreute.de\/zeltlager\/wp-json\/wp\/v2\/posts\/13314","targetHints":{"allow":["GET"]}}],"collection":[{"href":"https:\/\/www.albverein-bergatreute.de\/zeltlager\/wp-json\/wp\/v2\/posts"}],"about":[{"href":"https:\/\/www.albverein-bergatreute.de\/zeltlager\/wp-json\/wp\/v2\/types\/post"}],"author":[{"embeddable":true,"href":"https:\/\/www.albverein-bergatreute.de\/zeltlager\/wp-json\/wp\/v2\/users\/3"}],"replies":[{"embeddable":true,"href":"https:\/\/www.albverein-bergatreute.de\/zeltlager\/wp-json\/wp\/v2\/comments?post=13314"}],"version-history":[{"count":1,"href":"https:\/\/www.albverein-bergatreute.de\/zeltlager\/wp-json\/wp\/v2\/posts\/13314\/revisions"}],"predecessor-version":[{"id":13321,"href":"https:\/\/www.albverein-bergatreute.de\/zeltlager\/wp-json\/wp\/v2\/posts\/13314\/revisions\/13321"}],"wp:attachment":[{"href":"https:\/\/www.albverein-bergatreute.de\/zeltlager\/wp-json\/wp\/v2\/media?parent=13314"}],"wp:term":[{"taxonomy":"category","embeddable":true,"href":"https:\/\/www.albverein-bergatreute.de\/zeltlager\/wp-json\/wp\/v2\/categories?post=13314"},{"taxonomy":"post_tag","embeddable":true,"href":"https:\/\/www.albverein-bergatreute.de\/zeltlager\/wp-json\/wp\/v2\/tags?post=13314"}],"curies":[{"name":"wp","href":"https:\/\/api.w.org\/{rel}","templated":true}]}}