{"id":13324,"date":"2025-08-21T16:15:25","date_gmt":"2025-08-21T14:15:25","guid":{"rendered":"https:\/\/www.albverein-bergatreute.de\/zeltlager\/?p=13324"},"modified":"2025-08-21T16:15:25","modified_gmt":"2025-08-21T14:15:25","slug":"abschlussabend-10","status":"publish","type":"post","link":"https:\/\/www.albverein-bergatreute.de\/zeltlager\/2025\/08\/21\/abschlussabend-10\/","title":{"rendered":"Abschlussabend"},"content":{"rendered":"\n<p>Auch wenn man es nicht wahrhaben will. Das Zeltlager geht zu Ende.<\/p>\n\n\n\n<p>Heute Abend sind noch Preisverleihungen f\u00fcr die Schnitzeljagd, das Buchseespiel, die Lagerolympiade, den Wettbewerb &#8222;Das sch\u00f6nste Zelt, den Wettbewerb &#8222;Der flei\u00dfigste Teilnehmer&#8220; und dann werden auch noch Treueurkunden vergeben.<\/p>\n\n\n\n<p>Nat\u00fcrlich wird das Buchseelied gesungen und alle Singspiele werden ein letztes mal gesungen<\/p>\n\n\n\n<p>Morgen ist es dann vorbei.<\/p>\n\n\n\n<p>Sie holen ihre \u00fcberm\u00fcdeten Kinder ab, die erst ohne unterlass erz\u00e4hlen und dann schlafen werden.<\/p>\n\n\n\n<p>Wir m\u00fcssen dann das Zeltlager abbauen und alles verstauen. Dazu haben wir bis Sonntag Zeit, weil am Montag unser wunderbarer dreiw\u00f6chiger Urlaub hier am Buchsee auch vorbei ist.<\/p>\n\n\n\n<p>Sie k\u00f6nnen Ihre Kinder ab 9:30 abholen. <\/p>\n\n\n\n<p><\/p>\n","protected":false},"excerpt":{"rendered":"<p>Auch wenn man es nicht wahrhaben will. Das Zeltlager geht zu Ende. Heute Abend sind noch Preisverleihungen f\u00fcr die Schnitzeljagd, das Buchseespiel, die&hellip;<\/p>\n","protected":false},"author":3,"featured_media":0,"comment_status":"open","ping_status":"closed","sticky":false,"template":"","format":"standard","meta":{"ngg_post_thumbnail":0,"footnotes":""},"categories":[1],"tags":[],"class_list":["post-13324","post","type-post","status-publish","format-standard","hentry","category-buchsee-blog"],"_links":{"self":[{"href":"https:\/\/www.albverein-bergatreute.de\/zeltlager\/wp-json\/wp\/v2\/posts\/13324","targetHints":{"allow":["GET"]}}],"collection":[{"href":"https:\/\/www.albverein-bergatreute.de\/zeltlager\/wp-json\/wp\/v2\/posts"}],"about":[{"href":"https:\/\/www.albverein-bergatreute.de\/zeltlager\/wp-json\/wp\/v2\/types\/post"}],"author":[{"embeddable":true,"href":"https:\/\/www.albverein-bergatreute.de\/zeltlager\/wp-json\/wp\/v2\/users\/3"}],"replies":[{"embeddable":true,"href":"https:\/\/www.albverein-bergatreute.de\/zeltlager\/wp-json\/wp\/v2\/comments?post=13324"}],"version-history":[{"count":1,"href":"https:\/\/www.albverein-bergatreute.de\/zeltlager\/wp-json\/wp\/v2\/posts\/13324\/revisions"}],"predecessor-version":[{"id":13325,"href":"https:\/\/www.albverein-bergatreute.de\/zeltlager\/wp-json\/wp\/v2\/posts\/13324\/revisions\/13325"}],"wp:attachment":[{"href":"https:\/\/www.albverein-bergatreute.de\/zeltlager\/wp-json\/wp\/v2\/media?parent=13324"}],"wp:term":[{"taxonomy":"category","embeddable":true,"href":"https:\/\/www.albverein-bergatreute.de\/zeltlager\/wp-json\/wp\/v2\/categories?post=13324"},{"taxonomy":"post_tag","embeddable":true,"href":"https:\/\/www.albverein-bergatreute.de\/zeltlager\/wp-json\/wp\/v2\/tags?post=13324"}],"curies":[{"name":"wp","href":"https:\/\/api.w.org\/{rel}","templated":true}]}}