{"id":13332,"date":"2025-08-22T00:02:24","date_gmt":"2025-08-21T22:02:24","guid":{"rendered":"https:\/\/www.albverein-bergatreute.de\/zeltlager\/?p=13332"},"modified":"2025-08-22T00:50:13","modified_gmt":"2025-08-21T22:50:13","slug":"das-wars","status":"publish","type":"post","link":"https:\/\/www.albverein-bergatreute.de\/zeltlager\/2025\/08\/22\/das-wars\/","title":{"rendered":"Das war\u00b4s"},"content":{"rendered":"\n<p>Es ist vorbei.<\/p>\n\n\n\n<p>Heute wurden alle Lieder nochmal gesungen. Alle Preise und Urkunden vergeben. Die Treueurkunden \u00fcberreicht.<\/p>\n\n\n\n<p>Die 14-j\u00e4hrigen Teilnehmer haben alle zusammen einen Brief an die Betreuer geschrieben. Eine hat ihn verlesen und alle haben unterschrieben. Es war eine anr\u00fchrende Szene.<\/p>\n\n\n\n<p>Der Blogger ist dankbar, dass er so tolle Kinder \u00fcber Jahre in ihren Ferien begleiten durfte.<\/p>\n\n\n\n<p>Ich hoffe und bin mir sicher, dass sie noch sehr oft in ihrem Leben an die sch\u00f6nen Sommer im Zeltlager denken werden.<\/p>\n\n\n\n<p>Auch wir Verantwortlichen nehmen sehr viel aus dieser Zeit mit. Auch wenn der Abbau anstrengend wird und wenn wir eigentlich k\u00f6rperlich urlaubsreif w\u00e4ren, nehmen wir das doch Jahr f\u00fcr Jahr auf uns, weil es uns mehr gibt, als es uns nimmt.<\/p>\n\n\n\n<p>Ihnen liebe Leser danke ich f\u00fcr Ihr Interesse und Ihre Kommentare und freue mich schon auf das n\u00e4chste Zeltlager.<\/p>\n\n\n\n<p>Ihr Zeltlagerleiter und Blogger Klaus K\u00fcble<\/p>\n\n\n\n<p><\/p>\n\n\n\n<p><\/p>\n","protected":false},"excerpt":{"rendered":"<p>Es ist vorbei. Heute wurden alle Lieder nochmal gesungen. Alle Preise und Urkunden vergeben. Die Treueurkunden \u00fcberreicht. Die 14-j\u00e4hrigen Teilnehmer haben alle zusammen&hellip;<\/p>\n","protected":false},"author":3,"featured_media":0,"comment_status":"open","ping_status":"closed","sticky":false,"template":"","format":"standard","meta":{"ngg_post_thumbnail":0,"footnotes":""},"categories":[1],"tags":[],"class_list":["post-13332","post","type-post","status-publish","format-standard","hentry","category-buchsee-blog"],"_links":{"self":[{"href":"https:\/\/www.albverein-bergatreute.de\/zeltlager\/wp-json\/wp\/v2\/posts\/13332","targetHints":{"allow":["GET"]}}],"collection":[{"href":"https:\/\/www.albverein-bergatreute.de\/zeltlager\/wp-json\/wp\/v2\/posts"}],"about":[{"href":"https:\/\/www.albverein-bergatreute.de\/zeltlager\/wp-json\/wp\/v2\/types\/post"}],"author":[{"embeddable":true,"href":"https:\/\/www.albverein-bergatreute.de\/zeltlager\/wp-json\/wp\/v2\/users\/3"}],"replies":[{"embeddable":true,"href":"https:\/\/www.albverein-bergatreute.de\/zeltlager\/wp-json\/wp\/v2\/comments?post=13332"}],"version-history":[{"count":2,"href":"https:\/\/www.albverein-bergatreute.de\/zeltlager\/wp-json\/wp\/v2\/posts\/13332\/revisions"}],"predecessor-version":[{"id":13334,"href":"https:\/\/www.albverein-bergatreute.de\/zeltlager\/wp-json\/wp\/v2\/posts\/13332\/revisions\/13334"}],"wp:attachment":[{"href":"https:\/\/www.albverein-bergatreute.de\/zeltlager\/wp-json\/wp\/v2\/media?parent=13332"}],"wp:term":[{"taxonomy":"category","embeddable":true,"href":"https:\/\/www.albverein-bergatreute.de\/zeltlager\/wp-json\/wp\/v2\/categories?post=13332"},{"taxonomy":"post_tag","embeddable":true,"href":"https:\/\/www.albverein-bergatreute.de\/zeltlager\/wp-json\/wp\/v2\/tags?post=13332"}],"curies":[{"name":"wp","href":"https:\/\/api.w.org\/{rel}","templated":true}]}}