{"id":13335,"date":"2025-08-24T14:27:31","date_gmt":"2025-08-24T12:27:31","guid":{"rendered":"https:\/\/www.albverein-bergatreute.de\/zeltlager\/?p=13335"},"modified":"2025-08-25T20:45:14","modified_gmt":"2025-08-25T18:45:14","slug":"das-zeltlager-ist-abgebaut","status":"publish","type":"post","link":"https:\/\/www.albverein-bergatreute.de\/zeltlager\/2025\/08\/24\/das-zeltlager-ist-abgebaut\/","title":{"rendered":"Das Zeltlager ist abgebaut"},"content":{"rendered":"\n<p>Mit einer gro\u00dfen Kraftanstrengung ist es uns gelungen, das komplette Zeltlager bis Samstagabend abzubauen.<\/p>\n\n\n\n<p>Nicht nur 20 Zelte m\u00fcssen da abgebaut werden. Auch 20 Holzb\u00f6den. Dazu die K\u00fccheneinrichtung. Strom, Wasser und Abwasser m\u00fcssen demontiert werden. Und das alles muss auch noch verstaut werden.<\/p>\n\n\n\n<p>Nur die Holzb\u00f6den, die Balken und die Paletten werden so ca. 40 Tonnen sein, die von Hand und mit dem Radlader bewegt werden m\u00fcssen.<\/p>\n\n\n\n<p>Ein vollbeladener 7,5 Tonner f\u00e4hrt zweimal von Buchsee nach Bergatreute. Das alles muss vor dem Abbau zum Teil geputzt werden.<\/p>\n\n\n\n<p>Das gelingt nur, wenn alle zum einen Lust haben, zum anderen die Verantwortung f\u00fcr ein gutes Ende \u00fcbernehmen<\/p>\n\n\n\n<figure class=\"wp-block-image size-large\"><img loading=\"lazy\" decoding=\"async\" width=\"576\" height=\"1024\" src=\"https:\/\/www.albverein-bergatreute.de\/zeltlager\/wp-content\/uploads\/sites\/7\/2025\/08\/WhatsApp-Bild-2025-08-23-um-13.05.41_491244a8-576x1024.jpg\" alt=\"\" class=\"wp-image-13336\" srcset=\"https:\/\/www.albverein-bergatreute.de\/zeltlager\/wp-content\/uploads\/sites\/7\/2025\/08\/WhatsApp-Bild-2025-08-23-um-13.05.41_491244a8-576x1024.jpg 576w, https:\/\/www.albverein-bergatreute.de\/zeltlager\/wp-content\/uploads\/sites\/7\/2025\/08\/WhatsApp-Bild-2025-08-23-um-13.05.41_491244a8-169x300.jpg 169w, https:\/\/www.albverein-bergatreute.de\/zeltlager\/wp-content\/uploads\/sites\/7\/2025\/08\/WhatsApp-Bild-2025-08-23-um-13.05.41_491244a8-768x1365.jpg 768w, https:\/\/www.albverein-bergatreute.de\/zeltlager\/wp-content\/uploads\/sites\/7\/2025\/08\/WhatsApp-Bild-2025-08-23-um-13.05.41_491244a8-864x1536.jpg 864w, https:\/\/www.albverein-bergatreute.de\/zeltlager\/wp-content\/uploads\/sites\/7\/2025\/08\/WhatsApp-Bild-2025-08-23-um-13.05.41_491244a8.jpg 1134w\" sizes=\"auto, (max-width: 576px) 100vw, 576px\" \/><figcaption class=\"wp-element-caption\">Wo soll das ganze Holz nur hin?<\/figcaption><\/figure>\n\n\n\n<p><\/p>\n\n\n\n<figure class=\"wp-block-image size-large\"><img loading=\"lazy\" decoding=\"async\" width=\"576\" height=\"1024\" src=\"https:\/\/www.albverein-bergatreute.de\/zeltlager\/wp-content\/uploads\/sites\/7\/2025\/08\/WhatsApp-Bild-2025-08-23-um-13.05.41_bf4fb718-576x1024.jpg\" alt=\"\" class=\"wp-image-13337\" srcset=\"https:\/\/www.albverein-bergatreute.de\/zeltlager\/wp-content\/uploads\/sites\/7\/2025\/08\/WhatsApp-Bild-2025-08-23-um-13.05.41_bf4fb718-576x1024.jpg 576w, https:\/\/www.albverein-bergatreute.de\/zeltlager\/wp-content\/uploads\/sites\/7\/2025\/08\/WhatsApp-Bild-2025-08-23-um-13.05.41_bf4fb718-169x300.jpg 169w, https:\/\/www.albverein-bergatreute.de\/zeltlager\/wp-content\/uploads\/sites\/7\/2025\/08\/WhatsApp-Bild-2025-08-23-um-13.05.41_bf4fb718-768x1365.jpg 768w, https:\/\/www.albverein-bergatreute.de\/zeltlager\/wp-content\/uploads\/sites\/7\/2025\/08\/WhatsApp-Bild-2025-08-23-um-13.05.41_bf4fb718-864x1536.jpg 864w, https:\/\/www.albverein-bergatreute.de\/zeltlager\/wp-content\/uploads\/sites\/7\/2025\/08\/WhatsApp-Bild-2025-08-23-um-13.05.41_bf4fb718.jpg 1134w\" sizes=\"auto, (max-width: 576px) 100vw, 576px\" \/><figcaption class=\"wp-element-caption\">Akkuschrauberinnen<\/figcaption><\/figure>\n\n\n\n<p><\/p>\n\n\n\n<figure class=\"wp-block-image size-large\"><img loading=\"lazy\" decoding=\"async\" width=\"576\" height=\"1024\" src=\"https:\/\/www.albverein-bergatreute.de\/zeltlager\/wp-content\/uploads\/sites\/7\/2025\/08\/WhatsApp-Bild-2025-08-23-um-13.05.41_cf05d6b3-576x1024.jpg\" alt=\"\" class=\"wp-image-13338\" srcset=\"https:\/\/www.albverein-bergatreute.de\/zeltlager\/wp-content\/uploads\/sites\/7\/2025\/08\/WhatsApp-Bild-2025-08-23-um-13.05.41_cf05d6b3-576x1024.jpg 576w, https:\/\/www.albverein-bergatreute.de\/zeltlager\/wp-content\/uploads\/sites\/7\/2025\/08\/WhatsApp-Bild-2025-08-23-um-13.05.41_cf05d6b3-169x300.jpg 169w, https:\/\/www.albverein-bergatreute.de\/zeltlager\/wp-content\/uploads\/sites\/7\/2025\/08\/WhatsApp-Bild-2025-08-23-um-13.05.41_cf05d6b3-768x1365.jpg 768w, https:\/\/www.albverein-bergatreute.de\/zeltlager\/wp-content\/uploads\/sites\/7\/2025\/08\/WhatsApp-Bild-2025-08-23-um-13.05.41_cf05d6b3-864x1536.jpg 864w, https:\/\/www.albverein-bergatreute.de\/zeltlager\/wp-content\/uploads\/sites\/7\/2025\/08\/WhatsApp-Bild-2025-08-23-um-13.05.41_cf05d6b3.jpg 1134w\" sizes=\"auto, (max-width: 576px) 100vw, 576px\" \/><figcaption class=\"wp-element-caption\">Die Feldk\u00fcche. Auch wenn kein Zelt mehr steht, kann man trotzdem noch kochen<\/figcaption><\/figure>\n\n\n\n<p><\/p>\n\n\n\n<figure class=\"wp-block-image size-large\"><img loading=\"lazy\" decoding=\"async\" width=\"576\" height=\"1024\" src=\"https:\/\/www.albverein-bergatreute.de\/zeltlager\/wp-content\/uploads\/sites\/7\/2025\/08\/WhatsApp-Bild-2025-08-23-um-13.05.42_1e7a5ed8-576x1024.jpg\" alt=\"\" class=\"wp-image-13339\" srcset=\"https:\/\/www.albverein-bergatreute.de\/zeltlager\/wp-content\/uploads\/sites\/7\/2025\/08\/WhatsApp-Bild-2025-08-23-um-13.05.42_1e7a5ed8-576x1024.jpg 576w, https:\/\/www.albverein-bergatreute.de\/zeltlager\/wp-content\/uploads\/sites\/7\/2025\/08\/WhatsApp-Bild-2025-08-23-um-13.05.42_1e7a5ed8-169x300.jpg 169w, https:\/\/www.albverein-bergatreute.de\/zeltlager\/wp-content\/uploads\/sites\/7\/2025\/08\/WhatsApp-Bild-2025-08-23-um-13.05.42_1e7a5ed8-768x1365.jpg 768w, https:\/\/www.albverein-bergatreute.de\/zeltlager\/wp-content\/uploads\/sites\/7\/2025\/08\/WhatsApp-Bild-2025-08-23-um-13.05.42_1e7a5ed8-864x1536.jpg 864w, https:\/\/www.albverein-bergatreute.de\/zeltlager\/wp-content\/uploads\/sites\/7\/2025\/08\/WhatsApp-Bild-2025-08-23-um-13.05.42_1e7a5ed8.jpg 1134w\" sizes=\"auto, (max-width: 576px) 100vw, 576px\" \/><figcaption class=\"wp-element-caption\">Wir m\u00fcssen gleich morgens die B\u00f6den abbauen. Die Zelte sind da aber noch taunass.<br>Deshalb stellen wir sie zum Trocknen in die Wiese<\/figcaption><\/figure>\n\n\n\n<figure class=\"wp-block-image size-large\"><img loading=\"lazy\" decoding=\"async\" width=\"576\" height=\"1024\" src=\"https:\/\/www.albverein-bergatreute.de\/zeltlager\/wp-content\/uploads\/sites\/7\/2025\/08\/WhatsApp-Bild-2025-08-23-um-13.05.43_69d4a242-576x1024.jpg\" alt=\"\" class=\"wp-image-13340\" srcset=\"https:\/\/www.albverein-bergatreute.de\/zeltlager\/wp-content\/uploads\/sites\/7\/2025\/08\/WhatsApp-Bild-2025-08-23-um-13.05.43_69d4a242-576x1024.jpg 576w, https:\/\/www.albverein-bergatreute.de\/zeltlager\/wp-content\/uploads\/sites\/7\/2025\/08\/WhatsApp-Bild-2025-08-23-um-13.05.43_69d4a242-169x300.jpg 169w, https:\/\/www.albverein-bergatreute.de\/zeltlager\/wp-content\/uploads\/sites\/7\/2025\/08\/WhatsApp-Bild-2025-08-23-um-13.05.43_69d4a242-768x1365.jpg 768w, https:\/\/www.albverein-bergatreute.de\/zeltlager\/wp-content\/uploads\/sites\/7\/2025\/08\/WhatsApp-Bild-2025-08-23-um-13.05.43_69d4a242-864x1536.jpg 864w, https:\/\/www.albverein-bergatreute.de\/zeltlager\/wp-content\/uploads\/sites\/7\/2025\/08\/WhatsApp-Bild-2025-08-23-um-13.05.43_69d4a242.jpg 1134w\" sizes=\"auto, (max-width: 576px) 100vw, 576px\" \/><figcaption class=\"wp-element-caption\">Mehr Menschen, die wissen wie man ein Zelt zusammenlegt, werden selten an einem Ort sein.<\/figcaption><\/figure>\n\n\n\n<p><\/p>\n\n\n\n<figure class=\"wp-block-image size-large\"><img loading=\"lazy\" decoding=\"async\" width=\"576\" height=\"1024\" src=\"https:\/\/www.albverein-bergatreute.de\/zeltlager\/wp-content\/uploads\/sites\/7\/2025\/08\/WhatsApp-Bild-2025-08-23-um-13.05.44_6b9e3cd4-576x1024.jpg\" alt=\"\" class=\"wp-image-13341\" srcset=\"https:\/\/www.albverein-bergatreute.de\/zeltlager\/wp-content\/uploads\/sites\/7\/2025\/08\/WhatsApp-Bild-2025-08-23-um-13.05.44_6b9e3cd4-576x1024.jpg 576w, https:\/\/www.albverein-bergatreute.de\/zeltlager\/wp-content\/uploads\/sites\/7\/2025\/08\/WhatsApp-Bild-2025-08-23-um-13.05.44_6b9e3cd4-169x300.jpg 169w, https:\/\/www.albverein-bergatreute.de\/zeltlager\/wp-content\/uploads\/sites\/7\/2025\/08\/WhatsApp-Bild-2025-08-23-um-13.05.44_6b9e3cd4-768x1365.jpg 768w, https:\/\/www.albverein-bergatreute.de\/zeltlager\/wp-content\/uploads\/sites\/7\/2025\/08\/WhatsApp-Bild-2025-08-23-um-13.05.44_6b9e3cd4-864x1536.jpg 864w, https:\/\/www.albverein-bergatreute.de\/zeltlager\/wp-content\/uploads\/sites\/7\/2025\/08\/WhatsApp-Bild-2025-08-23-um-13.05.44_6b9e3cd4.jpg 1134w\" sizes=\"auto, (max-width: 576px) 100vw, 576px\" \/><figcaption class=\"wp-element-caption\">Die Nachtlager der Betreuer.<\/figcaption><\/figure>\n\n\n\n<figure class=\"wp-block-image size-large\"><img loading=\"lazy\" decoding=\"async\" width=\"576\" height=\"1024\" src=\"https:\/\/www.albverein-bergatreute.de\/zeltlager\/wp-content\/uploads\/sites\/7\/2025\/08\/WhatsApp-Bild-2025-08-23-um-16.57.36_3961fed0-576x1024.jpg\" alt=\"\" class=\"wp-image-13342\" srcset=\"https:\/\/www.albverein-bergatreute.de\/zeltlager\/wp-content\/uploads\/sites\/7\/2025\/08\/WhatsApp-Bild-2025-08-23-um-16.57.36_3961fed0-576x1024.jpg 576w, https:\/\/www.albverein-bergatreute.de\/zeltlager\/wp-content\/uploads\/sites\/7\/2025\/08\/WhatsApp-Bild-2025-08-23-um-16.57.36_3961fed0-169x300.jpg 169w, https:\/\/www.albverein-bergatreute.de\/zeltlager\/wp-content\/uploads\/sites\/7\/2025\/08\/WhatsApp-Bild-2025-08-23-um-16.57.36_3961fed0-768x1365.jpg 768w, https:\/\/www.albverein-bergatreute.de\/zeltlager\/wp-content\/uploads\/sites\/7\/2025\/08\/WhatsApp-Bild-2025-08-23-um-16.57.36_3961fed0-864x1536.jpg 864w, https:\/\/www.albverein-bergatreute.de\/zeltlager\/wp-content\/uploads\/sites\/7\/2025\/08\/WhatsApp-Bild-2025-08-23-um-16.57.36_3961fed0.jpg 900w\" sizes=\"auto, (max-width: 576px) 100vw, 576px\" \/><figcaption class=\"wp-element-caption\">Zuhause angekommen geht die Arbeit weiter. Das Zeug muss ja verstaut werden&#8230;<\/figcaption><\/figure>\n\n\n\n<figure class=\"wp-block-image size-large\"><img loading=\"lazy\" decoding=\"async\" width=\"698\" height=\"1024\" src=\"https:\/\/www.albverein-bergatreute.de\/zeltlager\/wp-content\/uploads\/sites\/7\/2025\/08\/WhatsApp-Bild-2025-08-23-um-17.42.35_c794535f-1-698x1024.jpg\" alt=\"\" class=\"wp-image-13344\" srcset=\"https:\/\/www.albverein-bergatreute.de\/zeltlager\/wp-content\/uploads\/sites\/7\/2025\/08\/WhatsApp-Bild-2025-08-23-um-17.42.35_c794535f-1-698x1024.jpg 698w, https:\/\/www.albverein-bergatreute.de\/zeltlager\/wp-content\/uploads\/sites\/7\/2025\/08\/WhatsApp-Bild-2025-08-23-um-17.42.35_c794535f-1-204x300.jpg 204w, https:\/\/www.albverein-bergatreute.de\/zeltlager\/wp-content\/uploads\/sites\/7\/2025\/08\/WhatsApp-Bild-2025-08-23-um-17.42.35_c794535f-1-768x1127.jpg 768w, https:\/\/www.albverein-bergatreute.de\/zeltlager\/wp-content\/uploads\/sites\/7\/2025\/08\/WhatsApp-Bild-2025-08-23-um-17.42.35_c794535f-1.jpg 962w\" sizes=\"auto, (max-width: 698px) 100vw, 698px\" \/><figcaption class=\"wp-element-caption\">Geschafft!<\/figcaption><\/figure>\n\n\n\n<p>Meinen Respekt und meinen Dank an alle, die da bis zum Ende durchgehalten haben. Eine wirklich gro\u00dfartige Truppe!<\/p>\n\n\n\n<p><\/p>\n","protected":false},"excerpt":{"rendered":"<p>Mit einer gro\u00dfen Kraftanstrengung ist es uns gelungen, das komplette Zeltlager bis Samstagabend abzubauen. Nicht nur 20 Zelte m\u00fcssen da abgebaut werden. Auch&hellip;<\/p>\n","protected":false},"author":3,"featured_media":0,"comment_status":"open","ping_status":"closed","sticky":false,"template":"","format":"standard","meta":{"ngg_post_thumbnail":0,"footnotes":""},"categories":[1],"tags":[],"class_list":["post-13335","post","type-post","status-publish","format-standard","hentry","category-buchsee-blog"],"_links":{"self":[{"href":"https:\/\/www.albverein-bergatreute.de\/zeltlager\/wp-json\/wp\/v2\/posts\/13335","targetHints":{"allow":["GET"]}}],"collection":[{"href":"https:\/\/www.albverein-bergatreute.de\/zeltlager\/wp-json\/wp\/v2\/posts"}],"about":[{"href":"https:\/\/www.albverein-bergatreute.de\/zeltlager\/wp-json\/wp\/v2\/types\/post"}],"author":[{"embeddable":true,"href":"https:\/\/www.albverein-bergatreute.de\/zeltlager\/wp-json\/wp\/v2\/users\/3"}],"replies":[{"embeddable":true,"href":"https:\/\/www.albverein-bergatreute.de\/zeltlager\/wp-json\/wp\/v2\/comments?post=13335"}],"version-history":[{"count":5,"href":"https:\/\/www.albverein-bergatreute.de\/zeltlager\/wp-json\/wp\/v2\/posts\/13335\/revisions"}],"predecessor-version":[{"id":13375,"href":"https:\/\/www.albverein-bergatreute.de\/zeltlager\/wp-json\/wp\/v2\/posts\/13335\/revisions\/13375"}],"wp:attachment":[{"href":"https:\/\/www.albverein-bergatreute.de\/zeltlager\/wp-json\/wp\/v2\/media?parent=13335"}],"wp:term":[{"taxonomy":"category","embeddable":true,"href":"https:\/\/www.albverein-bergatreute.de\/zeltlager\/wp-json\/wp\/v2\/categories?post=13335"},{"taxonomy":"post_tag","embeddable":true,"href":"https:\/\/www.albverein-bergatreute.de\/zeltlager\/wp-json\/wp\/v2\/tags?post=13335"}],"curies":[{"name":"wp","href":"https:\/\/api.w.org\/{rel}","templated":true}]}}