{"id":13348,"date":"2025-08-24T14:40:35","date_gmt":"2025-08-24T12:40:35","guid":{"rendered":"https:\/\/www.albverein-bergatreute.de\/zeltlager\/?p=13348"},"modified":"2025-08-24T14:40:58","modified_gmt":"2025-08-24T12:40:58","slug":"restbestaende","status":"publish","type":"post","link":"https:\/\/www.albverein-bergatreute.de\/zeltlager\/2025\/08\/24\/restbestaende\/","title":{"rendered":"Restbest\u00e4nde"},"content":{"rendered":"\n<p>Trotz unserer Bitte bei der Abmeldung, nochmal zu schauen ob alles dabei ist, bleiben jedes Jahr viele Kleidungsst\u00fccke \u00fcbrig.<\/p>\n\n\n\n<p>Wir haben alle f\u00fcr Sie fotografiert.<\/p>\n\n\n\n<p><\/p>\n\n\n\n<figure class=\"wp-block-image size-large\"><img loading=\"lazy\" decoding=\"async\" width=\"768\" height=\"1024\" src=\"https:\/\/www.albverein-bergatreute.de\/zeltlager\/wp-content\/uploads\/sites\/7\/2025\/08\/WhatsApp-Bild-2025-08-24-um-12.28.40_387f5d60-768x1024.jpg\" alt=\"\" class=\"wp-image-13349\" srcset=\"https:\/\/www.albverein-bergatreute.de\/zeltlager\/wp-content\/uploads\/sites\/7\/2025\/08\/WhatsApp-Bild-2025-08-24-um-12.28.40_387f5d60-768x1024.jpg 768w, https:\/\/www.albverein-bergatreute.de\/zeltlager\/wp-content\/uploads\/sites\/7\/2025\/08\/WhatsApp-Bild-2025-08-24-um-12.28.40_387f5d60-225x300.jpg 225w, https:\/\/www.albverein-bergatreute.de\/zeltlager\/wp-content\/uploads\/sites\/7\/2025\/08\/WhatsApp-Bild-2025-08-24-um-12.28.40_387f5d60-1152x1536.jpg 1152w, https:\/\/www.albverein-bergatreute.de\/zeltlager\/wp-content\/uploads\/sites\/7\/2025\/08\/WhatsApp-Bild-2025-08-24-um-12.28.40_387f5d60.jpg 1200w\" sizes=\"auto, (max-width: 768px) 100vw, 768px\" \/><figcaption class=\"wp-element-caption\">Schwarze Jacke Gr\u00f6\u00dfe&nbsp;S<\/figcaption><\/figure>\n\n\n\n<p><\/p>\n\n\n\n<figure class=\"wp-block-image size-large\"><img loading=\"lazy\" decoding=\"async\" width=\"768\" height=\"1024\" src=\"https:\/\/www.albverein-bergatreute.de\/zeltlager\/wp-content\/uploads\/sites\/7\/2025\/08\/WhatsApp-Bild-2025-08-24-um-12.31.30_13623832-768x1024.jpg\" alt=\"\" class=\"wp-image-13350\" srcset=\"https:\/\/www.albverein-bergatreute.de\/zeltlager\/wp-content\/uploads\/sites\/7\/2025\/08\/WhatsApp-Bild-2025-08-24-um-12.31.30_13623832-768x1024.jpg 768w, https:\/\/www.albverein-bergatreute.de\/zeltlager\/wp-content\/uploads\/sites\/7\/2025\/08\/WhatsApp-Bild-2025-08-24-um-12.31.30_13623832-225x300.jpg 225w, https:\/\/www.albverein-bergatreute.de\/zeltlager\/wp-content\/uploads\/sites\/7\/2025\/08\/WhatsApp-Bild-2025-08-24-um-12.31.30_13623832-1152x1536.jpg 1152w, https:\/\/www.albverein-bergatreute.de\/zeltlager\/wp-content\/uploads\/sites\/7\/2025\/08\/WhatsApp-Bild-2025-08-24-um-12.31.30_13623832.jpg 1200w\" sizes=\"auto, (max-width: 768px) 100vw, 768px\" \/><figcaption class=\"wp-element-caption\">Hellgrauer Kapuzenpulli,gr\u00f6\u00dfe S. Von&nbsp;Nike<\/figcaption><\/figure>\n\n\n\n<p><\/p>\n\n\n\n<figure class=\"wp-block-image size-large\"><img loading=\"lazy\" decoding=\"async\" width=\"768\" height=\"1024\" src=\"https:\/\/www.albverein-bergatreute.de\/zeltlager\/wp-content\/uploads\/sites\/7\/2025\/08\/WhatsApp-Bild-2025-08-24-um-12.33.27_d5a9aaaf-768x1024.jpg\" alt=\"\" class=\"wp-image-13351\" srcset=\"https:\/\/www.albverein-bergatreute.de\/zeltlager\/wp-content\/uploads\/sites\/7\/2025\/08\/WhatsApp-Bild-2025-08-24-um-12.33.27_d5a9aaaf-768x1024.jpg 768w, https:\/\/www.albverein-bergatreute.de\/zeltlager\/wp-content\/uploads\/sites\/7\/2025\/08\/WhatsApp-Bild-2025-08-24-um-12.33.27_d5a9aaaf-225x300.jpg 225w, https:\/\/www.albverein-bergatreute.de\/zeltlager\/wp-content\/uploads\/sites\/7\/2025\/08\/WhatsApp-Bild-2025-08-24-um-12.33.27_d5a9aaaf-1152x1536.jpg 1152w, https:\/\/www.albverein-bergatreute.de\/zeltlager\/wp-content\/uploads\/sites\/7\/2025\/08\/WhatsApp-Bild-2025-08-24-um-12.33.27_d5a9aaaf.jpg 1200w\" sizes=\"auto, (max-width: 768px) 100vw, 768px\" \/><figcaption class=\"wp-element-caption\">Schwarzer Kapuzenpulli, Gr\u00f6\u00dfe&nbsp;158<\/figcaption><\/figure>\n\n\n\n<p><\/p>\n\n\n\n<figure class=\"wp-block-image size-large\"><img loading=\"lazy\" decoding=\"async\" width=\"768\" height=\"1024\" src=\"https:\/\/www.albverein-bergatreute.de\/zeltlager\/wp-content\/uploads\/sites\/7\/2025\/08\/WhatsApp-Bild-2025-08-24-um-12.35.35_7b82206a-768x1024.jpg\" alt=\"\" class=\"wp-image-13352\" srcset=\"https:\/\/www.albverein-bergatreute.de\/zeltlager\/wp-content\/uploads\/sites\/7\/2025\/08\/WhatsApp-Bild-2025-08-24-um-12.35.35_7b82206a-768x1024.jpg 768w, https:\/\/www.albverein-bergatreute.de\/zeltlager\/wp-content\/uploads\/sites\/7\/2025\/08\/WhatsApp-Bild-2025-08-24-um-12.35.35_7b82206a-225x300.jpg 225w, https:\/\/www.albverein-bergatreute.de\/zeltlager\/wp-content\/uploads\/sites\/7\/2025\/08\/WhatsApp-Bild-2025-08-24-um-12.35.35_7b82206a-1152x1536.jpg 1152w, https:\/\/www.albverein-bergatreute.de\/zeltlager\/wp-content\/uploads\/sites\/7\/2025\/08\/WhatsApp-Bild-2025-08-24-um-12.35.35_7b82206a.jpg 1200w\" sizes=\"auto, (max-width: 768px) 100vw, 768px\" \/><figcaption class=\"wp-element-caption\">T- Shirt, hellgr\u00fcn Gr\u00f6\u00dfe&nbsp;158<\/figcaption><\/figure>\n\n\n\n<p><\/p>\n\n\n\n<figure class=\"wp-block-image size-large\"><img loading=\"lazy\" decoding=\"async\" width=\"768\" height=\"1024\" src=\"https:\/\/www.albverein-bergatreute.de\/zeltlager\/wp-content\/uploads\/sites\/7\/2025\/08\/WhatsApp-Bild-2025-08-24-um-12.37.06_6e2f910e-768x1024.jpg\" alt=\"\" class=\"wp-image-13353\" srcset=\"https:\/\/www.albverein-bergatreute.de\/zeltlager\/wp-content\/uploads\/sites\/7\/2025\/08\/WhatsApp-Bild-2025-08-24-um-12.37.06_6e2f910e-768x1024.jpg 768w, https:\/\/www.albverein-bergatreute.de\/zeltlager\/wp-content\/uploads\/sites\/7\/2025\/08\/WhatsApp-Bild-2025-08-24-um-12.37.06_6e2f910e-225x300.jpg 225w, https:\/\/www.albverein-bergatreute.de\/zeltlager\/wp-content\/uploads\/sites\/7\/2025\/08\/WhatsApp-Bild-2025-08-24-um-12.37.06_6e2f910e-1152x1536.jpg 1152w, https:\/\/www.albverein-bergatreute.de\/zeltlager\/wp-content\/uploads\/sites\/7\/2025\/08\/WhatsApp-Bild-2025-08-24-um-12.37.06_6e2f910e.jpg 1200w\" sizes=\"auto, (max-width: 768px) 100vw, 768px\" \/><figcaption class=\"wp-element-caption\">T Shirt wei\u00df, Gr\u00f6\u00dfe&nbsp;3XL<\/figcaption><\/figure>\n\n\n\n<p><\/p>\n\n\n\n<figure class=\"wp-block-image size-large\"><img loading=\"lazy\" decoding=\"async\" width=\"768\" height=\"1024\" src=\"https:\/\/www.albverein-bergatreute.de\/zeltlager\/wp-content\/uploads\/sites\/7\/2025\/08\/WhatsApp-Bild-2025-08-24-um-12.38.08_ad351c46-768x1024.jpg\" alt=\"\" class=\"wp-image-13354\" srcset=\"https:\/\/www.albverein-bergatreute.de\/zeltlager\/wp-content\/uploads\/sites\/7\/2025\/08\/WhatsApp-Bild-2025-08-24-um-12.38.08_ad351c46-768x1024.jpg 768w, https:\/\/www.albverein-bergatreute.de\/zeltlager\/wp-content\/uploads\/sites\/7\/2025\/08\/WhatsApp-Bild-2025-08-24-um-12.38.08_ad351c46-225x300.jpg 225w, https:\/\/www.albverein-bergatreute.de\/zeltlager\/wp-content\/uploads\/sites\/7\/2025\/08\/WhatsApp-Bild-2025-08-24-um-12.38.08_ad351c46-1152x1536.jpg 1152w, https:\/\/www.albverein-bergatreute.de\/zeltlager\/wp-content\/uploads\/sites\/7\/2025\/08\/WhatsApp-Bild-2025-08-24-um-12.38.08_ad351c46.jpg 1200w\" sizes=\"auto, (max-width: 768px) 100vw, 768px\" \/><figcaption class=\"wp-element-caption\">T- Shirt, Gr\u00f6\u00dfe 122<\/figcaption><\/figure>\n\n\n\n<p><\/p>\n\n\n\n<figure class=\"wp-block-image size-large\"><img loading=\"lazy\" decoding=\"async\" width=\"576\" height=\"1024\" src=\"https:\/\/www.albverein-bergatreute.de\/zeltlager\/wp-content\/uploads\/sites\/7\/2025\/08\/WhatsApp-Bild-2025-08-24-um-12.39.00_34b8c204-576x1024.jpg\" alt=\"\" class=\"wp-image-13355\" srcset=\"https:\/\/www.albverein-bergatreute.de\/zeltlager\/wp-content\/uploads\/sites\/7\/2025\/08\/WhatsApp-Bild-2025-08-24-um-12.39.00_34b8c204-576x1024.jpg 576w, https:\/\/www.albverein-bergatreute.de\/zeltlager\/wp-content\/uploads\/sites\/7\/2025\/08\/WhatsApp-Bild-2025-08-24-um-12.39.00_34b8c204-169x300.jpg 169w, https:\/\/www.albverein-bergatreute.de\/zeltlager\/wp-content\/uploads\/sites\/7\/2025\/08\/WhatsApp-Bild-2025-08-24-um-12.39.00_34b8c204-768x1365.jpg 768w, https:\/\/www.albverein-bergatreute.de\/zeltlager\/wp-content\/uploads\/sites\/7\/2025\/08\/WhatsApp-Bild-2025-08-24-um-12.39.00_34b8c204-864x1536.jpg 864w, https:\/\/www.albverein-bergatreute.de\/zeltlager\/wp-content\/uploads\/sites\/7\/2025\/08\/WhatsApp-Bild-2025-08-24-um-12.39.00_34b8c204.jpg 1152w\" sizes=\"auto, (max-width: 576px) 100vw, 576px\" \/><figcaption class=\"wp-element-caption\">T-Shirt wei\u00df, Gr\u00f6\u00dfe&nbsp;S<\/figcaption><\/figure>\n\n\n\n<p><\/p>\n\n\n\n<figure class=\"wp-block-image size-large\"><img loading=\"lazy\" decoding=\"async\" width=\"576\" height=\"1024\" src=\"https:\/\/www.albverein-bergatreute.de\/zeltlager\/wp-content\/uploads\/sites\/7\/2025\/08\/WhatsApp-Bild-2025-08-24-um-12.39.52_17c1c7c2-576x1024.jpg\" alt=\"\" class=\"wp-image-13356\" srcset=\"https:\/\/www.albverein-bergatreute.de\/zeltlager\/wp-content\/uploads\/sites\/7\/2025\/08\/WhatsApp-Bild-2025-08-24-um-12.39.52_17c1c7c2-576x1024.jpg 576w, https:\/\/www.albverein-bergatreute.de\/zeltlager\/wp-content\/uploads\/sites\/7\/2025\/08\/WhatsApp-Bild-2025-08-24-um-12.39.52_17c1c7c2-169x300.jpg 169w, https:\/\/www.albverein-bergatreute.de\/zeltlager\/wp-content\/uploads\/sites\/7\/2025\/08\/WhatsApp-Bild-2025-08-24-um-12.39.52_17c1c7c2-768x1365.jpg 768w, https:\/\/www.albverein-bergatreute.de\/zeltlager\/wp-content\/uploads\/sites\/7\/2025\/08\/WhatsApp-Bild-2025-08-24-um-12.39.52_17c1c7c2-864x1536.jpg 864w, https:\/\/www.albverein-bergatreute.de\/zeltlager\/wp-content\/uploads\/sites\/7\/2025\/08\/WhatsApp-Bild-2025-08-24-um-12.39.52_17c1c7c2.jpg 1152w\" sizes=\"auto, (max-width: 576px) 100vw, 576px\" \/><figcaption class=\"wp-element-caption\">T-Shirt wei\u00df Gr\u00f6\u00dfe&nbsp;M<\/figcaption><\/figure>\n\n\n\n<p><\/p>\n\n\n\n<figure class=\"wp-block-image size-large\"><img loading=\"lazy\" decoding=\"async\" width=\"576\" height=\"1024\" src=\"https:\/\/www.albverein-bergatreute.de\/zeltlager\/wp-content\/uploads\/sites\/7\/2025\/08\/WhatsApp-Bild-2025-08-24-um-12.41.06_f7a5264e-576x1024.jpg\" alt=\"\" class=\"wp-image-13357\" srcset=\"https:\/\/www.albverein-bergatreute.de\/zeltlager\/wp-content\/uploads\/sites\/7\/2025\/08\/WhatsApp-Bild-2025-08-24-um-12.41.06_f7a5264e-576x1024.jpg 576w, https:\/\/www.albverein-bergatreute.de\/zeltlager\/wp-content\/uploads\/sites\/7\/2025\/08\/WhatsApp-Bild-2025-08-24-um-12.41.06_f7a5264e-169x300.jpg 169w, https:\/\/www.albverein-bergatreute.de\/zeltlager\/wp-content\/uploads\/sites\/7\/2025\/08\/WhatsApp-Bild-2025-08-24-um-12.41.06_f7a5264e-768x1365.jpg 768w, https:\/\/www.albverein-bergatreute.de\/zeltlager\/wp-content\/uploads\/sites\/7\/2025\/08\/WhatsApp-Bild-2025-08-24-um-12.41.06_f7a5264e-864x1536.jpg 864w, https:\/\/www.albverein-bergatreute.de\/zeltlager\/wp-content\/uploads\/sites\/7\/2025\/08\/WhatsApp-Bild-2025-08-24-um-12.41.06_f7a5264e.jpg 1152w\" sizes=\"auto, (max-width: 576px) 100vw, 576px\" \/><figcaption class=\"wp-element-caption\">T-Shirt grau, Gr\u00f6\u00dfe&nbsp;XS<\/figcaption><\/figure>\n\n\n\n<p><\/p>\n\n\n\n<figure class=\"wp-block-image size-large\"><img loading=\"lazy\" decoding=\"async\" width=\"576\" height=\"1024\" src=\"https:\/\/www.albverein-bergatreute.de\/zeltlager\/wp-content\/uploads\/sites\/7\/2025\/08\/WhatsApp-Bild-2025-08-24-um-12.41.44_e988aa40-576x1024.jpg\" alt=\"\" class=\"wp-image-13358\" srcset=\"https:\/\/www.albverein-bergatreute.de\/zeltlager\/wp-content\/uploads\/sites\/7\/2025\/08\/WhatsApp-Bild-2025-08-24-um-12.41.44_e988aa40-576x1024.jpg 576w, https:\/\/www.albverein-bergatreute.de\/zeltlager\/wp-content\/uploads\/sites\/7\/2025\/08\/WhatsApp-Bild-2025-08-24-um-12.41.44_e988aa40-169x300.jpg 169w, https:\/\/www.albverein-bergatreute.de\/zeltlager\/wp-content\/uploads\/sites\/7\/2025\/08\/WhatsApp-Bild-2025-08-24-um-12.41.44_e988aa40-768x1365.jpg 768w, https:\/\/www.albverein-bergatreute.de\/zeltlager\/wp-content\/uploads\/sites\/7\/2025\/08\/WhatsApp-Bild-2025-08-24-um-12.41.44_e988aa40-864x1536.jpg 864w, https:\/\/www.albverein-bergatreute.de\/zeltlager\/wp-content\/uploads\/sites\/7\/2025\/08\/WhatsApp-Bild-2025-08-24-um-12.41.44_e988aa40.jpg 1152w\" sizes=\"auto, (max-width: 576px) 100vw, 576px\" \/><figcaption class=\"wp-element-caption\">T-Shirt, schwarz, Gr\u00f6\u00dfe&nbsp;S<\/figcaption><\/figure>\n\n\n\n<p><\/p>\n\n\n\n<figure class=\"wp-block-image size-large\"><img loading=\"lazy\" decoding=\"async\" width=\"576\" height=\"1024\" src=\"https:\/\/www.albverein-bergatreute.de\/zeltlager\/wp-content\/uploads\/sites\/7\/2025\/08\/WhatsApp-Bild-2025-08-24-um-12.44.13_e0f041ec-576x1024.jpg\" alt=\"\" class=\"wp-image-13359\" srcset=\"https:\/\/www.albverein-bergatreute.de\/zeltlager\/wp-content\/uploads\/sites\/7\/2025\/08\/WhatsApp-Bild-2025-08-24-um-12.44.13_e0f041ec-576x1024.jpg 576w, https:\/\/www.albverein-bergatreute.de\/zeltlager\/wp-content\/uploads\/sites\/7\/2025\/08\/WhatsApp-Bild-2025-08-24-um-12.44.13_e0f041ec-169x300.jpg 169w, https:\/\/www.albverein-bergatreute.de\/zeltlager\/wp-content\/uploads\/sites\/7\/2025\/08\/WhatsApp-Bild-2025-08-24-um-12.44.13_e0f041ec-768x1365.jpg 768w, https:\/\/www.albverein-bergatreute.de\/zeltlager\/wp-content\/uploads\/sites\/7\/2025\/08\/WhatsApp-Bild-2025-08-24-um-12.44.13_e0f041ec-864x1536.jpg 864w, https:\/\/www.albverein-bergatreute.de\/zeltlager\/wp-content\/uploads\/sites\/7\/2025\/08\/WhatsApp-Bild-2025-08-24-um-12.44.13_e0f041ec.jpg 1152w\" sizes=\"auto, (max-width: 576px) 100vw, 576px\" \/><figcaption class=\"wp-element-caption\">Schwarze Hose, Gr\u00f6\u00dfe&nbsp;140<\/figcaption><\/figure>\n\n\n\n<p><\/p>\n\n\n\n<figure class=\"wp-block-image size-large\"><img loading=\"lazy\" decoding=\"async\" width=\"576\" height=\"1024\" src=\"https:\/\/www.albverein-bergatreute.de\/zeltlager\/wp-content\/uploads\/sites\/7\/2025\/08\/WhatsApp-Bild-2025-08-24-um-12.44.48_fded14b5-576x1024.jpg\" alt=\"\" class=\"wp-image-13360\" srcset=\"https:\/\/www.albverein-bergatreute.de\/zeltlager\/wp-content\/uploads\/sites\/7\/2025\/08\/WhatsApp-Bild-2025-08-24-um-12.44.48_fded14b5-576x1024.jpg 576w, https:\/\/www.albverein-bergatreute.de\/zeltlager\/wp-content\/uploads\/sites\/7\/2025\/08\/WhatsApp-Bild-2025-08-24-um-12.44.48_fded14b5-169x300.jpg 169w, https:\/\/www.albverein-bergatreute.de\/zeltlager\/wp-content\/uploads\/sites\/7\/2025\/08\/WhatsApp-Bild-2025-08-24-um-12.44.48_fded14b5-768x1365.jpg 768w, https:\/\/www.albverein-bergatreute.de\/zeltlager\/wp-content\/uploads\/sites\/7\/2025\/08\/WhatsApp-Bild-2025-08-24-um-12.44.48_fded14b5-864x1536.jpg 864w, https:\/\/www.albverein-bergatreute.de\/zeltlager\/wp-content\/uploads\/sites\/7\/2025\/08\/WhatsApp-Bild-2025-08-24-um-12.44.48_fded14b5.jpg 1152w\" sizes=\"auto, (max-width: 576px) 100vw, 576px\" \/><figcaption class=\"wp-element-caption\">Schwarze Leggins, Gr\u00f6\u00dfe&nbsp;134<\/figcaption><\/figure>\n\n\n\n<p><\/p>\n\n\n\n<figure class=\"wp-block-image size-large\"><img loading=\"lazy\" decoding=\"async\" width=\"576\" height=\"1024\" src=\"https:\/\/www.albverein-bergatreute.de\/zeltlager\/wp-content\/uploads\/sites\/7\/2025\/08\/WhatsApp-Bild-2025-08-24-um-12.47.18_4f5ca696-576x1024.jpg\" alt=\"\" class=\"wp-image-13362\" srcset=\"https:\/\/www.albverein-bergatreute.de\/zeltlager\/wp-content\/uploads\/sites\/7\/2025\/08\/WhatsApp-Bild-2025-08-24-um-12.47.18_4f5ca696-576x1024.jpg 576w, https:\/\/www.albverein-bergatreute.de\/zeltlager\/wp-content\/uploads\/sites\/7\/2025\/08\/WhatsApp-Bild-2025-08-24-um-12.47.18_4f5ca696-169x300.jpg 169w, https:\/\/www.albverein-bergatreute.de\/zeltlager\/wp-content\/uploads\/sites\/7\/2025\/08\/WhatsApp-Bild-2025-08-24-um-12.47.18_4f5ca696-768x1365.jpg 768w, https:\/\/www.albverein-bergatreute.de\/zeltlager\/wp-content\/uploads\/sites\/7\/2025\/08\/WhatsApp-Bild-2025-08-24-um-12.47.18_4f5ca696-864x1536.jpg 864w, https:\/\/www.albverein-bergatreute.de\/zeltlager\/wp-content\/uploads\/sites\/7\/2025\/08\/WhatsApp-Bild-2025-08-24-um-12.47.18_4f5ca696.jpg 1152w\" sizes=\"auto, (max-width: 576px) 100vw, 576px\" \/><\/figure>\n\n\n\n<p><\/p>\n\n\n\n<p><\/p>\n\n\n\n<figure class=\"wp-block-image size-large\"><img loading=\"lazy\" decoding=\"async\" width=\"576\" height=\"1024\" src=\"https:\/\/www.albverein-bergatreute.de\/zeltlager\/wp-content\/uploads\/sites\/7\/2025\/08\/WhatsApp-Bild-2025-08-24-um-12.48.33_d4bc585b-576x1024.jpg\" alt=\"\" class=\"wp-image-13363\" srcset=\"https:\/\/www.albverein-bergatreute.de\/zeltlager\/wp-content\/uploads\/sites\/7\/2025\/08\/WhatsApp-Bild-2025-08-24-um-12.48.33_d4bc585b-576x1024.jpg 576w, https:\/\/www.albverein-bergatreute.de\/zeltlager\/wp-content\/uploads\/sites\/7\/2025\/08\/WhatsApp-Bild-2025-08-24-um-12.48.33_d4bc585b-169x300.jpg 169w, https:\/\/www.albverein-bergatreute.de\/zeltlager\/wp-content\/uploads\/sites\/7\/2025\/08\/WhatsApp-Bild-2025-08-24-um-12.48.33_d4bc585b-768x1365.jpg 768w, https:\/\/www.albverein-bergatreute.de\/zeltlager\/wp-content\/uploads\/sites\/7\/2025\/08\/WhatsApp-Bild-2025-08-24-um-12.48.33_d4bc585b-864x1536.jpg 864w, https:\/\/www.albverein-bergatreute.de\/zeltlager\/wp-content\/uploads\/sites\/7\/2025\/08\/WhatsApp-Bild-2025-08-24-um-12.48.33_d4bc585b.jpg 1152w\" sizes=\"auto, (max-width: 576px) 100vw, 576px\" \/><figcaption class=\"wp-element-caption\">Gr\u00f6\u00dfe 35 von Adidas<\/figcaption><\/figure>\n\n\n\n<p><\/p>\n\n\n\n<figure class=\"wp-block-image size-large\"><img loading=\"lazy\" decoding=\"async\" width=\"576\" height=\"1024\" src=\"https:\/\/www.albverein-bergatreute.de\/zeltlager\/wp-content\/uploads\/sites\/7\/2025\/08\/WhatsApp-Bild-2025-08-24-um-12.49.04_7c3ecb25-576x1024.jpg\" alt=\"\" class=\"wp-image-13364\" srcset=\"https:\/\/www.albverein-bergatreute.de\/zeltlager\/wp-content\/uploads\/sites\/7\/2025\/08\/WhatsApp-Bild-2025-08-24-um-12.49.04_7c3ecb25-576x1024.jpg 576w, https:\/\/www.albverein-bergatreute.de\/zeltlager\/wp-content\/uploads\/sites\/7\/2025\/08\/WhatsApp-Bild-2025-08-24-um-12.49.04_7c3ecb25-169x300.jpg 169w, https:\/\/www.albverein-bergatreute.de\/zeltlager\/wp-content\/uploads\/sites\/7\/2025\/08\/WhatsApp-Bild-2025-08-24-um-12.49.04_7c3ecb25-768x1365.jpg 768w, https:\/\/www.albverein-bergatreute.de\/zeltlager\/wp-content\/uploads\/sites\/7\/2025\/08\/WhatsApp-Bild-2025-08-24-um-12.49.04_7c3ecb25-864x1536.jpg 864w, https:\/\/www.albverein-bergatreute.de\/zeltlager\/wp-content\/uploads\/sites\/7\/2025\/08\/WhatsApp-Bild-2025-08-24-um-12.49.04_7c3ecb25.jpg 1152w\" sizes=\"auto, (max-width: 576px) 100vw, 576px\" \/><figcaption class=\"wp-element-caption\">Schwarze Gummistiefel,gr\u00f6\u00dfe&nbsp;42<\/figcaption><\/figure>\n\n\n\n<p><\/p>\n\n\n\n<figure class=\"wp-block-image size-large\"><img loading=\"lazy\" decoding=\"async\" width=\"576\" height=\"1024\" src=\"https:\/\/www.albverein-bergatreute.de\/zeltlager\/wp-content\/uploads\/sites\/7\/2025\/08\/WhatsApp-Bild-2025-08-24-um-12.50.00_d1603c4e-576x1024.jpg\" alt=\"\" class=\"wp-image-13365\" srcset=\"https:\/\/www.albverein-bergatreute.de\/zeltlager\/wp-content\/uploads\/sites\/7\/2025\/08\/WhatsApp-Bild-2025-08-24-um-12.50.00_d1603c4e-576x1024.jpg 576w, https:\/\/www.albverein-bergatreute.de\/zeltlager\/wp-content\/uploads\/sites\/7\/2025\/08\/WhatsApp-Bild-2025-08-24-um-12.50.00_d1603c4e-169x300.jpg 169w, https:\/\/www.albverein-bergatreute.de\/zeltlager\/wp-content\/uploads\/sites\/7\/2025\/08\/WhatsApp-Bild-2025-08-24-um-12.50.00_d1603c4e-768x1365.jpg 768w, https:\/\/www.albverein-bergatreute.de\/zeltlager\/wp-content\/uploads\/sites\/7\/2025\/08\/WhatsApp-Bild-2025-08-24-um-12.50.00_d1603c4e-864x1536.jpg 864w, https:\/\/www.albverein-bergatreute.de\/zeltlager\/wp-content\/uploads\/sites\/7\/2025\/08\/WhatsApp-Bild-2025-08-24-um-12.50.00_d1603c4e.jpg 1152w\" sizes=\"auto, (max-width: 576px) 100vw, 576px\" \/><figcaption class=\"wp-element-caption\">Tasche gef\u00fcllt mit Schmutzw\u00e4sche<\/figcaption><\/figure>\n\n\n\n<p><\/p>\n\n\n\n<figure class=\"wp-block-image size-large\"><img loading=\"lazy\" decoding=\"async\" width=\"576\" height=\"1024\" src=\"https:\/\/www.albverein-bergatreute.de\/zeltlager\/wp-content\/uploads\/sites\/7\/2025\/08\/WhatsApp-Bild-2025-08-24-um-12.51.13_a90ca937-576x1024.jpg\" alt=\"\" class=\"wp-image-13366\" srcset=\"https:\/\/www.albverein-bergatreute.de\/zeltlager\/wp-content\/uploads\/sites\/7\/2025\/08\/WhatsApp-Bild-2025-08-24-um-12.51.13_a90ca937-576x1024.jpg 576w, https:\/\/www.albverein-bergatreute.de\/zeltlager\/wp-content\/uploads\/sites\/7\/2025\/08\/WhatsApp-Bild-2025-08-24-um-12.51.13_a90ca937-169x300.jpg 169w, https:\/\/www.albverein-bergatreute.de\/zeltlager\/wp-content\/uploads\/sites\/7\/2025\/08\/WhatsApp-Bild-2025-08-24-um-12.51.13_a90ca937-768x1365.jpg 768w, https:\/\/www.albverein-bergatreute.de\/zeltlager\/wp-content\/uploads\/sites\/7\/2025\/08\/WhatsApp-Bild-2025-08-24-um-12.51.13_a90ca937-864x1536.jpg 864w, https:\/\/www.albverein-bergatreute.de\/zeltlager\/wp-content\/uploads\/sites\/7\/2025\/08\/WhatsApp-Bild-2025-08-24-um-12.51.13_a90ca937.jpg 1152w\" sizes=\"auto, (max-width: 576px) 100vw, 576px\" \/><figcaption class=\"wp-element-caption\">Tasche gef\u00fcllt mit Jeans, Gr\u00f6\u00dfe 152 und grauen&nbsp;T-Shirt<\/figcaption><\/figure>\n\n\n\n<p><\/p>\n\n\n\n<figure class=\"wp-block-image size-large\"><img loading=\"lazy\" decoding=\"async\" width=\"576\" height=\"1024\" src=\"https:\/\/www.albverein-bergatreute.de\/zeltlager\/wp-content\/uploads\/sites\/7\/2025\/08\/WhatsApp-Bild-2025-08-24-um-12.51.58_419b7251-576x1024.jpg\" alt=\"\" class=\"wp-image-13367\" srcset=\"https:\/\/www.albverein-bergatreute.de\/zeltlager\/wp-content\/uploads\/sites\/7\/2025\/08\/WhatsApp-Bild-2025-08-24-um-12.51.58_419b7251-576x1024.jpg 576w, https:\/\/www.albverein-bergatreute.de\/zeltlager\/wp-content\/uploads\/sites\/7\/2025\/08\/WhatsApp-Bild-2025-08-24-um-12.51.58_419b7251-169x300.jpg 169w, https:\/\/www.albverein-bergatreute.de\/zeltlager\/wp-content\/uploads\/sites\/7\/2025\/08\/WhatsApp-Bild-2025-08-24-um-12.51.58_419b7251-768x1365.jpg 768w, https:\/\/www.albverein-bergatreute.de\/zeltlager\/wp-content\/uploads\/sites\/7\/2025\/08\/WhatsApp-Bild-2025-08-24-um-12.51.58_419b7251-864x1536.jpg 864w, https:\/\/www.albverein-bergatreute.de\/zeltlager\/wp-content\/uploads\/sites\/7\/2025\/08\/WhatsApp-Bild-2025-08-24-um-12.51.58_419b7251.jpg 1152w\" sizes=\"auto, (max-width: 576px) 100vw, 576px\" \/><figcaption class=\"wp-element-caption\">Tasche leer<\/figcaption><\/figure>\n\n\n\n<p><\/p>\n\n\n\n<figure class=\"wp-block-image size-large\"><img loading=\"lazy\" decoding=\"async\" width=\"576\" height=\"1024\" src=\"https:\/\/www.albverein-bergatreute.de\/zeltlager\/wp-content\/uploads\/sites\/7\/2025\/08\/WhatsApp-Bild-2025-08-24-um-12.52.04_40c7e622-576x1024.jpg\" alt=\"\" class=\"wp-image-13368\" srcset=\"https:\/\/www.albverein-bergatreute.de\/zeltlager\/wp-content\/uploads\/sites\/7\/2025\/08\/WhatsApp-Bild-2025-08-24-um-12.52.04_40c7e622-576x1024.jpg 576w, https:\/\/www.albverein-bergatreute.de\/zeltlager\/wp-content\/uploads\/sites\/7\/2025\/08\/WhatsApp-Bild-2025-08-24-um-12.52.04_40c7e622-169x300.jpg 169w, https:\/\/www.albverein-bergatreute.de\/zeltlager\/wp-content\/uploads\/sites\/7\/2025\/08\/WhatsApp-Bild-2025-08-24-um-12.52.04_40c7e622-768x1365.jpg 768w, https:\/\/www.albverein-bergatreute.de\/zeltlager\/wp-content\/uploads\/sites\/7\/2025\/08\/WhatsApp-Bild-2025-08-24-um-12.52.04_40c7e622-864x1536.jpg 864w, https:\/\/www.albverein-bergatreute.de\/zeltlager\/wp-content\/uploads\/sites\/7\/2025\/08\/WhatsApp-Bild-2025-08-24-um-12.52.04_40c7e622.jpg 1152w\" sizes=\"auto, (max-width: 576px) 100vw, 576px\" \/><figcaption class=\"wp-element-caption\">Brillenetui<\/figcaption><\/figure>\n\n\n\n<p><\/p>\n\n\n\n<figure class=\"wp-block-image size-large\"><img loading=\"lazy\" decoding=\"async\" width=\"576\" height=\"1024\" src=\"https:\/\/www.albverein-bergatreute.de\/zeltlager\/wp-content\/uploads\/sites\/7\/2025\/08\/WhatsApp-Bild-2025-08-24-um-12.52.52_e8879362-576x1024.jpg\" alt=\"\" class=\"wp-image-13369\" srcset=\"https:\/\/www.albverein-bergatreute.de\/zeltlager\/wp-content\/uploads\/sites\/7\/2025\/08\/WhatsApp-Bild-2025-08-24-um-12.52.52_e8879362-576x1024.jpg 576w, https:\/\/www.albverein-bergatreute.de\/zeltlager\/wp-content\/uploads\/sites\/7\/2025\/08\/WhatsApp-Bild-2025-08-24-um-12.52.52_e8879362-169x300.jpg 169w, https:\/\/www.albverein-bergatreute.de\/zeltlager\/wp-content\/uploads\/sites\/7\/2025\/08\/WhatsApp-Bild-2025-08-24-um-12.52.52_e8879362-768x1365.jpg 768w, https:\/\/www.albverein-bergatreute.de\/zeltlager\/wp-content\/uploads\/sites\/7\/2025\/08\/WhatsApp-Bild-2025-08-24-um-12.52.52_e8879362-864x1536.jpg 864w, https:\/\/www.albverein-bergatreute.de\/zeltlager\/wp-content\/uploads\/sites\/7\/2025\/08\/WhatsApp-Bild-2025-08-24-um-12.52.52_e8879362.jpg 1152w\" sizes=\"auto, (max-width: 576px) 100vw, 576px\" \/><figcaption class=\"wp-element-caption\">Braunes Leintuch<\/figcaption><\/figure>\n\n\n\n<p><\/p>\n\n\n\n<figure class=\"wp-block-image size-large\"><img loading=\"lazy\" decoding=\"async\" width=\"576\" height=\"1024\" src=\"https:\/\/www.albverein-bergatreute.de\/zeltlager\/wp-content\/uploads\/sites\/7\/2025\/08\/WhatsApp-Bild-2025-08-24-um-12.53.33_280cfa39-576x1024.jpg\" alt=\"\" class=\"wp-image-13370\" srcset=\"https:\/\/www.albverein-bergatreute.de\/zeltlager\/wp-content\/uploads\/sites\/7\/2025\/08\/WhatsApp-Bild-2025-08-24-um-12.53.33_280cfa39-576x1024.jpg 576w, https:\/\/www.albverein-bergatreute.de\/zeltlager\/wp-content\/uploads\/sites\/7\/2025\/08\/WhatsApp-Bild-2025-08-24-um-12.53.33_280cfa39-169x300.jpg 169w, https:\/\/www.albverein-bergatreute.de\/zeltlager\/wp-content\/uploads\/sites\/7\/2025\/08\/WhatsApp-Bild-2025-08-24-um-12.53.33_280cfa39-768x1365.jpg 768w, https:\/\/www.albverein-bergatreute.de\/zeltlager\/wp-content\/uploads\/sites\/7\/2025\/08\/WhatsApp-Bild-2025-08-24-um-12.53.33_280cfa39-864x1536.jpg 864w, https:\/\/www.albverein-bergatreute.de\/zeltlager\/wp-content\/uploads\/sites\/7\/2025\/08\/WhatsApp-Bild-2025-08-24-um-12.53.33_280cfa39.jpg 1152w\" sizes=\"auto, (max-width: 576px) 100vw, 576px\" \/><figcaption class=\"wp-element-caption\">Kleines Mikrokapuzenhandtuch<\/figcaption><\/figure>\n\n\n\n<p><\/p>\n","protected":false},"excerpt":{"rendered":"<p>Trotz unserer Bitte bei der Abmeldung, nochmal zu schauen ob alles dabei ist, bleiben jedes Jahr viele Kleidungsst\u00fccke \u00fcbrig. Wir haben alle f\u00fcr&hellip;<\/p>\n","protected":false},"author":3,"featured_media":0,"comment_status":"open","ping_status":"closed","sticky":false,"template":"","format":"standard","meta":{"ngg_post_thumbnail":0,"footnotes":""},"categories":[1],"tags":[],"class_list":["post-13348","post","type-post","status-publish","format-standard","hentry","category-buchsee-blog"],"_links":{"self":[{"href":"https:\/\/www.albverein-bergatreute.de\/zeltlager\/wp-json\/wp\/v2\/posts\/13348","targetHints":{"allow":["GET"]}}],"collection":[{"href":"https:\/\/www.albverein-bergatreute.de\/zeltlager\/wp-json\/wp\/v2\/posts"}],"about":[{"href":"https:\/\/www.albverein-bergatreute.de\/zeltlager\/wp-json\/wp\/v2\/types\/post"}],"author":[{"embeddable":true,"href":"https:\/\/www.albverein-bergatreute.de\/zeltlager\/wp-json\/wp\/v2\/users\/3"}],"replies":[{"embeddable":true,"href":"https:\/\/www.albverein-bergatreute.de\/zeltlager\/wp-json\/wp\/v2\/comments?post=13348"}],"version-history":[{"count":2,"href":"https:\/\/www.albverein-bergatreute.de\/zeltlager\/wp-json\/wp\/v2\/posts\/13348\/revisions"}],"predecessor-version":[{"id":13372,"href":"https:\/\/www.albverein-bergatreute.de\/zeltlager\/wp-json\/wp\/v2\/posts\/13348\/revisions\/13372"}],"wp:attachment":[{"href":"https:\/\/www.albverein-bergatreute.de\/zeltlager\/wp-json\/wp\/v2\/media?parent=13348"}],"wp:term":[{"taxonomy":"category","embeddable":true,"href":"https:\/\/www.albverein-bergatreute.de\/zeltlager\/wp-json\/wp\/v2\/categories?post=13348"},{"taxonomy":"post_tag","embeddable":true,"href":"https:\/\/www.albverein-bergatreute.de\/zeltlager\/wp-json\/wp\/v2\/tags?post=13348"}],"curies":[{"name":"wp","href":"https:\/\/api.w.org\/{rel}","templated":true}]}}