{"id":13396,"date":"2025-12-04T15:54:32","date_gmt":"2025-12-04T13:54:32","guid":{"rendered":"https:\/\/www.albverein-bergatreute.de\/zeltlager\/?p=13396"},"modified":"2025-12-04T15:54:32","modified_gmt":"2025-12-04T13:54:32","slug":"erste-woche-fast-voll","status":"publish","type":"post","link":"https:\/\/www.albverein-bergatreute.de\/zeltlager\/2025\/12\/04\/erste-woche-fast-voll\/","title":{"rendered":"Erste Woche fast voll"},"content":{"rendered":"\n<p>In der ersten Woche sind alle Pl\u00e4tze f\u00fcr M\u00e4dchen ausgebucht.<\/p>\n\n\n\n<p>F\u00fcr Jungs sind in der ersten Woche noch 3 Pl\u00e4tze frei.<\/p>\n\n\n\n<p>In der zweiten Woche (14. &#8211; 21. Aug.) sind noch Pl\u00e4tze frei.<\/p>\n\n\n\n<p><\/p>\n","protected":false},"excerpt":{"rendered":"<p>In der ersten Woche sind alle Pl\u00e4tze f\u00fcr M\u00e4dchen ausgebucht. F\u00fcr Jungs sind in der ersten Woche noch 3 Pl\u00e4tze frei. In der&hellip;<\/p>\n","protected":false},"author":3,"featured_media":0,"comment_status":"open","ping_status":"closed","sticky":false,"template":"","format":"standard","meta":{"ngg_post_thumbnail":0,"footnotes":""},"categories":[1],"tags":[],"class_list":["post-13396","post","type-post","status-publish","format-standard","hentry","category-buchsee-blog"],"_links":{"self":[{"href":"https:\/\/www.albverein-bergatreute.de\/zeltlager\/wp-json\/wp\/v2\/posts\/13396","targetHints":{"allow":["GET"]}}],"collection":[{"href":"https:\/\/www.albverein-bergatreute.de\/zeltlager\/wp-json\/wp\/v2\/posts"}],"about":[{"href":"https:\/\/www.albverein-bergatreute.de\/zeltlager\/wp-json\/wp\/v2\/types\/post"}],"author":[{"embeddable":true,"href":"https:\/\/www.albverein-bergatreute.de\/zeltlager\/wp-json\/wp\/v2\/users\/3"}],"replies":[{"embeddable":true,"href":"https:\/\/www.albverein-bergatreute.de\/zeltlager\/wp-json\/wp\/v2\/comments?post=13396"}],"version-history":[{"count":1,"href":"https:\/\/www.albverein-bergatreute.de\/zeltlager\/wp-json\/wp\/v2\/posts\/13396\/revisions"}],"predecessor-version":[{"id":13397,"href":"https:\/\/www.albverein-bergatreute.de\/zeltlager\/wp-json\/wp\/v2\/posts\/13396\/revisions\/13397"}],"wp:attachment":[{"href":"https:\/\/www.albverein-bergatreute.de\/zeltlager\/wp-json\/wp\/v2\/media?parent=13396"}],"wp:term":[{"taxonomy":"category","embeddable":true,"href":"https:\/\/www.albverein-bergatreute.de\/zeltlager\/wp-json\/wp\/v2\/categories?post=13396"},{"taxonomy":"post_tag","embeddable":true,"href":"https:\/\/www.albverein-bergatreute.de\/zeltlager\/wp-json\/wp\/v2\/tags?post=13396"}],"curies":[{"name":"wp","href":"https:\/\/api.w.org\/{rel}","templated":true}]}}